{"id":82145,"date":"2022-04-13T21:27:08","date_gmt":"2022-04-14T00:27:08","guid":{"rendered":"https:\/\/blogdoedvaldomagalhaes.com.br\/?p=82145"},"modified":"2022-04-13T22:28:46","modified_gmt":"2022-04-14T01:28:46","slug":"miss-caruaru-representara-o-municipio-no-miss-pernambuco-cnb-2022","status":"publish","type":"post","link":"https:\/\/blogdoedvaldomagalhaes.com.br\/index.php\/2022\/04\/13\/miss-caruaru-representara-o-municipio-no-miss-pernambuco-cnb-2022\/","title":{"rendered":"Miss Caruaru representar\u00e1 o munic\u00edpio no Miss Pernambuco CNB 2022"},"content":{"rendered":"<p style=\"text-align: justify;\"><span style=\"font-size: inherit;\">A jovem Let\u00edcia Fonseca, atual Miss Caruaru, participar\u00e1 do Miss Pernambuco CNB 2022, neste final de semana. Let\u00edcia tem 20 anos, \u00e9 modelo e estudante de Direito.<\/span><\/p>\n<p style=\"text-align: justify;\">A Capital do Agreste foi a cidade escolhida para o evento que tem in\u00edcio nesta quinta-feira (14) com o confinamento das candidatas de todo o estado no Maysa Plaza Hotel, a partir das 8h. L\u00e1, elas seguir\u00e3o uma programa\u00e7\u00e3o de ensaios e visitas.<\/p>\n<p style=\"text-align: justify;\">No s\u00e1bado (16) ser\u00e1 realizada a grande final, \u00e0s 18h, no Centro de Conven\u00e7\u00f5es Empres\u00e1rio Djalma Farias Cintra. O evento ser\u00e1 aberto ao p\u00fablico e os ingressos est\u00e3o dispon\u00edveis para venda atrav\u00e9s do WhatsApp (81) 98527.3491 (https:\/\/api.whatsapp.com\/send\/?phone=5581985273491).<\/p>\n\n\n<figure class=\"wp-block-image size-large\"><img loading=\"lazy\" decoding=\"async\" width=\"682\" height=\"1024\" src=\"https:\/\/blogdoedvaldomagalhaes.com.br\/wp-content\/uploads\/2022\/04\/IMG-20220413-WA0286-682x1024.jpg\" alt=\"\" class=\"wp-image-82146\" srcset=\"https:\/\/blogdoedvaldomagalhaes.com.br\/wp-content\/uploads\/2022\/04\/IMG-20220413-WA0286-682x1024.jpg 682w, https:\/\/blogdoedvaldomagalhaes.com.br\/wp-content\/uploads\/2022\/04\/IMG-20220413-WA0286-200x300.jpg 200w, https:\/\/blogdoedvaldomagalhaes.com.br\/wp-content\/uploads\/2022\/04\/IMG-20220413-WA0286-768x1153.jpg 768w, https:\/\/blogdoedvaldomagalhaes.com.br\/wp-content\/uploads\/2022\/04\/IMG-20220413-WA0286-1023x1536.jpg 1023w, https:\/\/blogdoedvaldomagalhaes.com.br\/wp-content\/uploads\/2022\/04\/IMG-20220413-WA0286.jpg 1066w\" sizes=\"auto, (max-width: 682px) 100vw, 682px\" \/><\/figure>\n","protected":false},"excerpt":{"rendered":"<p>A jovem Let\u00edcia Fonseca, atual Miss Caruaru, participar\u00e1 do Miss Pernambuco CNB 2022, neste final de semana. Let\u00edcia tem 20&hellip;<\/p>\n","protected":false},"author":1,"featured_media":82148,"comment_status":"open","ping_status":"open","sticky":false,"template":"","format":"standard","meta":{"footnotes":""},"categories":[14120],"tags":[2,19532,3406,24413],"class_list":["post-82145","post","type-post","status-publish","format-standard","has-post-thumbnail","hentry","category-noticias","tag-blog-do-edvaldo-magalhaes","tag-blog-mais-acessado-e-visualizado-de-caruaru-e-regiao","tag-caruaru","tag-miss-caruaru-representara-o-municipio-no-miss-pernambuco-cnb-2022"],"_links":{"self":[{"href":"https:\/\/blogdoedvaldomagalhaes.com.br\/index.php\/wp-json\/wp\/v2\/posts\/82145","targetHints":{"allow":["GET"]}}],"collection":[{"href":"https:\/\/blogdoedvaldomagalhaes.com.br\/index.php\/wp-json\/wp\/v2\/posts"}],"about":[{"href":"https:\/\/blogdoedvaldomagalhaes.com.br\/index.php\/wp-json\/wp\/v2\/types\/post"}],"author":[{"embeddable":true,"href":"https:\/\/blogdoedvaldomagalhaes.com.br\/index.php\/wp-json\/wp\/v2\/users\/1"}],"replies":[{"embeddable":true,"href":"https:\/\/blogdoedvaldomagalhaes.com.br\/index.php\/wp-json\/wp\/v2\/comments?post=82145"}],"version-history":[{"count":2,"href":"https:\/\/blogdoedvaldomagalhaes.com.br\/index.php\/wp-json\/wp\/v2\/posts\/82145\/revisions"}],"predecessor-version":[{"id":82149,"href":"https:\/\/blogdoedvaldomagalhaes.com.br\/index.php\/wp-json\/wp\/v2\/posts\/82145\/revisions\/82149"}],"wp:featuredmedia":[{"embeddable":true,"href":"https:\/\/blogdoedvaldomagalhaes.com.br\/index.php\/wp-json\/wp\/v2\/media\/82148"}],"wp:attachment":[{"href":"https:\/\/blogdoedvaldomagalhaes.com.br\/index.php\/wp-json\/wp\/v2\/media?parent=82145"}],"wp:term":[{"taxonomy":"category","embeddable":true,"href":"https:\/\/blogdoedvaldomagalhaes.com.br\/index.php\/wp-json\/wp\/v2\/categories?post=82145"},{"taxonomy":"post_tag","embeddable":true,"href":"https:\/\/blogdoedvaldomagalhaes.com.br\/index.php\/wp-json\/wp\/v2\/tags?post=82145"}],"curies":[{"name":"wp","href":"https:\/\/api.w.org\/{rel}","templated":true}]}}