{"id":82142,"date":"2022-04-13T19:46:19","date_gmt":"2022-04-13T22:46:19","guid":{"rendered":"https:\/\/blogdoedvaldomagalhaes.com.br\/?p=82142"},"modified":"2022-04-13T19:46:21","modified_gmt":"2022-04-13T22:46:21","slug":"lessa-debate-guardas-municipais-com-cupula-da-policia-federal","status":"publish","type":"post","link":"https:\/\/blogdoedvaldomagalhaes.com.br\/index.php\/2022\/04\/13\/lessa-debate-guardas-municipais-com-cupula-da-policia-federal\/","title":{"rendered":"Lessa debate Guardas Municipais com c\u00fapula da Pol\u00edcia Federal"},"content":{"rendered":"<p style=\"text-align: justify;\"><span style=\"font-size: inherit;\">Defensor do fortalecimento das guardas municipais, o deputado estadual Erick Lessa se reuniu com o superintendente da Pol\u00edcia Federal em Pernambuco, Daniel Grangeiro, e com o delegado Marco Aur\u00e9lio F\u00e1veri. A reuni\u00e3o ocorreu na quarta-feira (13), na sede da Superintend\u00eancia Regional da institui\u00e7\u00e3o, em Recife.<\/span><\/p>\n<p style=\"text-align: justify;\">Na ocasi\u00e3o, foram tratados os avan\u00e7os para a amplia\u00e7\u00e3o das guardas municipais em Pernambuco. O deputado e a categoria j\u00e1 debateram esse assunto em outras ocasi\u00f5es, no sentido de assegurar a esses profissionais equipamentos de prote\u00e7\u00e3o individual e coletivos mais adequados \u00e0s suas fun\u00e7\u00f5es, a exemplo de coletes bal\u00edsticos, muni\u00e7\u00f5es e armas de fogo.<\/p>\n<p style=\"text-align: justify;\">A discuss\u00e3o integra o Cons\u00f3rcio Intermunicipal de Seguran\u00e7a P\u00fablica e Defesa Social (Conseg\/PE), com interlocu\u00e7\u00e3o do seu secret\u00e1rio executivo, Alex Monteiro. Munic\u00edpios como Toritama, Santa Cruz do Capibaribe, Altinho, Agrestina, Taquaritinga do Norte, Barreiros e Palmares est\u00e3o inseridos nessa movimenta\u00e7\u00e3o.<\/p>\n<p style=\"text-align: justify;\">De acordo com o deputado, o desenvolvimento dessa pauta representa bons resultados para a sociedade. \u201cFortalecer e aparelhar esses profissionais s\u00e3o a\u00e7\u00f5es fundamentais para garantir que as guardas municipais cumpram a miss\u00e3o de contribuir para com a seguran\u00e7a p\u00fablica. E vamos fazer o que estiver ao nosso alcance para que isso aconte\u00e7a\u201d, declarou.<\/p>\n<p style=\"text-align: justify;\">Foto: Viliane Gomes.<\/p>\n","protected":false},"excerpt":{"rendered":"<p>Defensor do fortalecimento das guardas municipais, o deputado estadual Erick Lessa se reuniu com o superintendente da Pol\u00edcia Federal em&hellip;<\/p>\n","protected":false},"author":1,"featured_media":82143,"comment_status":"open","ping_status":"open","sticky":false,"template":"","format":"standard","meta":{"footnotes":""},"categories":[14122],"tags":[2,19532,3406,24412],"class_list":["post-82142","post","type-post","status-publish","format-standard","has-post-thumbnail","hentry","category-politica","tag-blog-do-edvaldo-magalhaes","tag-blog-mais-acessado-e-visualizado-de-caruaru-e-regiao","tag-caruaru","tag-lessa-debate-guardas-municipais-com-cupula-da-policia-federal"],"_links":{"self":[{"href":"https:\/\/blogdoedvaldomagalhaes.com.br\/index.php\/wp-json\/wp\/v2\/posts\/82142","targetHints":{"allow":["GET"]}}],"collection":[{"href":"https:\/\/blogdoedvaldomagalhaes.com.br\/index.php\/wp-json\/wp\/v2\/posts"}],"about":[{"href":"https:\/\/blogdoedvaldomagalhaes.com.br\/index.php\/wp-json\/wp\/v2\/types\/post"}],"author":[{"embeddable":true,"href":"https:\/\/blogdoedvaldomagalhaes.com.br\/index.php\/wp-json\/wp\/v2\/users\/1"}],"replies":[{"embeddable":true,"href":"https:\/\/blogdoedvaldomagalhaes.com.br\/index.php\/wp-json\/wp\/v2\/comments?post=82142"}],"version-history":[{"count":1,"href":"https:\/\/blogdoedvaldomagalhaes.com.br\/index.php\/wp-json\/wp\/v2\/posts\/82142\/revisions"}],"predecessor-version":[{"id":82144,"href":"https:\/\/blogdoedvaldomagalhaes.com.br\/index.php\/wp-json\/wp\/v2\/posts\/82142\/revisions\/82144"}],"wp:featuredmedia":[{"embeddable":true,"href":"https:\/\/blogdoedvaldomagalhaes.com.br\/index.php\/wp-json\/wp\/v2\/media\/82143"}],"wp:attachment":[{"href":"https:\/\/blogdoedvaldomagalhaes.com.br\/index.php\/wp-json\/wp\/v2\/media?parent=82142"}],"wp:term":[{"taxonomy":"category","embeddable":true,"href":"https:\/\/blogdoedvaldomagalhaes.com.br\/index.php\/wp-json\/wp\/v2\/categories?post=82142"},{"taxonomy":"post_tag","embeddable":true,"href":"https:\/\/blogdoedvaldomagalhaes.com.br\/index.php\/wp-json\/wp\/v2\/tags?post=82142"}],"curies":[{"name":"wp","href":"https:\/\/api.w.org\/{rel}","templated":true}]}}