{"id":82139,"date":"2022-04-13T17:16:20","date_gmt":"2022-04-13T20:16:20","guid":{"rendered":"https:\/\/blogdoedvaldomagalhaes.com.br\/?p=82139"},"modified":"2022-04-13T17:16:21","modified_gmt":"2022-04-13T20:16:21","slug":"senai-pe-oferece-330-vagas-para-cursos-tecnicos-gratuitos-em-todo-o-estado","status":"publish","type":"post","link":"https:\/\/blogdoedvaldomagalhaes.com.br\/index.php\/2022\/04\/13\/senai-pe-oferece-330-vagas-para-cursos-tecnicos-gratuitos-em-todo-o-estado\/","title":{"rendered":"SENAI-PE oferece 330 vagas para cursos t\u00e9cnicos gratuitos em todo o Estado"},"content":{"rendered":"<p style=\"text-align: justify;\"><span style=\"font-size: inherit;\">O Servi\u00e7o Nacional de Aprendizagem Industrial est\u00e1 com processo seletivo aberto para os interessados em cursar, gratuitamente, uma forma\u00e7\u00e3o t\u00e9cnica na institui\u00e7\u00e3o. Ao todo, est\u00e3o sendo oferecidas 330 bolsas de estudos integrais para 11 cursos diferentes, todos no formato presencial. As bolsas s\u00e3o voltadas para pessoas de baixa renda e que j\u00e1 conclu\u00edram o Ensino M\u00e9dio. O edital com mais informa\u00e7\u00f5es sobre o processo seletivo e o link para inscri\u00e7\u00f5es est\u00e3o dispon\u00edveis no www.pe.senai.br. As inscri\u00e7\u00f5es podem ser feitas at\u00e9 segunda-feira (18) e as aulas ter\u00e3o in\u00edcio no pr\u00f3ximo m\u00eas de maio.<\/span><\/p>\n<p style=\"text-align: justify;\">As oportunidades s\u00e3o para as escolas do Recife (Areias e Santo Amaro), Cabo de Santo Agostinho, Ipojuca, Caruaru e Petrolina. Para se candidatar \u00e0s bolsas, o candidato deve preencher os seguintes requisitos: ser de baixa renda; ter conclu\u00eddo o Ensino M\u00e9dio; e ter obtido m\u00e9dia superior a 450 pontos no Exame Nacional do Ensino M\u00e9dio dos anos de 2019, 2020 ou 2021. O preenchimento das vagas ser\u00e1 feito a partir da ordem de classifica\u00e7\u00e3o geral dos candidatos, considerando as m\u00e9dias obtidas na prova do ENEM.<\/p>\n<p style=\"text-align: justify;\">Com carga hor\u00e1ria m\u00ednima de 800h, os cursos t\u00e9cnicos oferecidos pelo SENAI-PE visam capacitar profissionais aptos a atuarem em diversas \u00e1reas do setor industrial. Inclusive, h\u00e1 vagas para as forma\u00e7\u00f5es t\u00e9cnicas mais procuradas pela institui\u00e7\u00e3o: Eletrot\u00e9cnica, Refrigera\u00e7\u00e3o e Climatiza\u00e7\u00e3o e Manuten\u00e7\u00e3o Automotiva. \u201cPor meio desse edital, estamos possibilitando que mais pessoas tenham acesso \u00e0 forma\u00e7\u00e3o de qualidade, o que facilita a inser\u00e7\u00e3o no mercado de trabalho. A prova disso \u00e9 que mais de 80% dos egressos do SENAI-PE encontram-se empregados em at\u00e9 um ano ap\u00f3s o fim do curso\u201d, explica a diretora de Educa\u00e7\u00e3o do SENAI-PE, Carla Abigail.<\/p>\n<p style=\"text-align: justify;\">O resultado do processo seletivo ser\u00e1 divulgado no pr\u00f3ximo dia 19 de abril. J\u00e1 as matr\u00edculas dos aprovados dever\u00e3o ser feitas entre os dias 20 e 25 de abril, na escola indicada no ato de inscri\u00e7\u00e3o. No ato da matr\u00edcula, ser\u00e1 necess\u00e1ria a apresenta\u00e7\u00e3o das c\u00f3pias dos seguintes documentos: certificado de conclus\u00e3o do Ensino M\u00e9dico, hist\u00f3rico escolar ou declara\u00e7\u00e3o da escola; RG, CNH, CTPS ou passaporte; CPF; e comprovante de resid\u00eancia, al\u00e9m da autodeclara\u00e7\u00e3o da condi\u00e7\u00e3o de baixa renda e do comprovante contendo as notas do ENEM.<\/p>\n<p style=\"text-align: justify;\">Sistema FIEPE &#8211; Mantido pelo setor industrial, atua no desenvolvimento de solu\u00e7\u00f5es para trazer ainda mais competitividade ao segmento. Al\u00e9m do SENAI \u2013 que atua na forma\u00e7\u00e3o profissional e oferece servi\u00e7os de metrologia e ensaios, consultorias e inova\u00e7\u00e3o \u2013 conta ainda com a FIEPE, o SESI e o IEL. A Federa\u00e7\u00e3o realiza a defesa de interesse do setor produtivo e contribui com o processo de internacionaliza\u00e7\u00e3o das ind\u00fastrias. Pelo SESI-PE, s\u00e3o oferecidos servi\u00e7os de sa\u00fade e educa\u00e7\u00e3o b\u00e1sica para os industri\u00e1rios, familiares e comunidade geral. J\u00e1 o IEL-PE foca na carreira profissional dos trabalhadores, desde a sele\u00e7\u00e3o de estagi\u00e1rios e profissionais, at\u00e9 a capacita\u00e7\u00e3o deles realizada pela sua Escola de Neg\u00f3cios.<\/p>\n<p style=\"text-align: justify;\">VAGAS POR ESCOLA<\/p>\n<p style=\"text-align: justify;\">SENAI Areias<br \/>\nAutoma\u00e7\u00e3o Industrial &#8211; Presencial &#8211; Noite<br \/>\nEletrot\u00e9cnica &#8211; Presencial &#8211; Manh\u00e3<br \/>\nRedes de Computadores &#8211; Presencial \u2013 Tarde<\/p>\n<p>SENAI Cabo<br \/>\nEletromec\u00e2nica &#8211; Presencial &#8211; Tarde<br \/>\nLog\u00edstica &#8211; Presencial &#8211; Noite<\/p>\n<p style=\"text-align: justify;\">SENAI Caruaru<br \/>\nAdministra\u00e7\u00e3o &#8211; Presencial &#8211; Tarde<br \/>\nManuten\u00e7\u00e3o Automotiva &#8211; Presencial \u2013 Tarde<\/p>\n<p style=\"text-align: justify;\">SENAI Ipojuca<br \/>\nLog\u00edstica &#8211; Presencial &#8211; Tarde<br \/>\nSeguran\u00e7a do Trabalho &#8211; Presencial &#8211; Tarde<\/p>\n<p style=\"text-align: justify;\">SENAI Petrolina<br \/>\nRefrigera\u00e7\u00e3o e Climatiza\u00e7\u00e3o &#8211; Presencial \u2013 Tarde<\/p>\n<p>SENAI Santo Amaro<br \/>\nAdministra\u00e7\u00e3o &#8211; Presencial &#8211; Noite<br \/>\nEletromec\u00e2nica &#8211; Presencial &#8211; Manh\u00e3<br \/>\nMec\u00e2nica &#8211; Presencial &#8211; Tarde<br \/>\nMecatr\u00f4nica &#8211; Presencial &#8211; Tarde<br \/>\nSeguran\u00e7a do Trabalho &#8211; Presencial &#8211; Tarde<\/p>\n","protected":false},"excerpt":{"rendered":"<p>O Servi\u00e7o Nacional de Aprendizagem Industrial est\u00e1 com processo seletivo aberto para os interessados em cursar, gratuitamente, uma forma\u00e7\u00e3o t\u00e9cnica&hellip;<\/p>\n","protected":false},"author":1,"featured_media":82140,"comment_status":"open","ping_status":"open","sticky":false,"template":"","format":"standard","meta":{"footnotes":""},"categories":[14120],"tags":[2,19532,3406,24411],"class_list":["post-82139","post","type-post","status-publish","format-standard","has-post-thumbnail","hentry","category-noticias","tag-blog-do-edvaldo-magalhaes","tag-blog-mais-acessado-e-visualizado-de-caruaru-e-regiao","tag-caruaru","tag-senai-pe-oferece-330-vagas-para-cursos-tecnicos-gratuitos-em-todo-o-estado"],"_links":{"self":[{"href":"https:\/\/blogdoedvaldomagalhaes.com.br\/index.php\/wp-json\/wp\/v2\/posts\/82139","targetHints":{"allow":["GET"]}}],"collection":[{"href":"https:\/\/blogdoedvaldomagalhaes.com.br\/index.php\/wp-json\/wp\/v2\/posts"}],"about":[{"href":"https:\/\/blogdoedvaldomagalhaes.com.br\/index.php\/wp-json\/wp\/v2\/types\/post"}],"author":[{"embeddable":true,"href":"https:\/\/blogdoedvaldomagalhaes.com.br\/index.php\/wp-json\/wp\/v2\/users\/1"}],"replies":[{"embeddable":true,"href":"https:\/\/blogdoedvaldomagalhaes.com.br\/index.php\/wp-json\/wp\/v2\/comments?post=82139"}],"version-history":[{"count":1,"href":"https:\/\/blogdoedvaldomagalhaes.com.br\/index.php\/wp-json\/wp\/v2\/posts\/82139\/revisions"}],"predecessor-version":[{"id":82141,"href":"https:\/\/blogdoedvaldomagalhaes.com.br\/index.php\/wp-json\/wp\/v2\/posts\/82139\/revisions\/82141"}],"wp:featuredmedia":[{"embeddable":true,"href":"https:\/\/blogdoedvaldomagalhaes.com.br\/index.php\/wp-json\/wp\/v2\/media\/82140"}],"wp:attachment":[{"href":"https:\/\/blogdoedvaldomagalhaes.com.br\/index.php\/wp-json\/wp\/v2\/media?parent=82139"}],"wp:term":[{"taxonomy":"category","embeddable":true,"href":"https:\/\/blogdoedvaldomagalhaes.com.br\/index.php\/wp-json\/wp\/v2\/categories?post=82139"},{"taxonomy":"post_tag","embeddable":true,"href":"https:\/\/blogdoedvaldomagalhaes.com.br\/index.php\/wp-json\/wp\/v2\/tags?post=82139"}],"curies":[{"name":"wp","href":"https:\/\/api.w.org\/{rel}","templated":true}]}}