{"id":82136,"date":"2022-04-13T08:43:28","date_gmt":"2022-04-13T11:43:28","guid":{"rendered":"https:\/\/blogdoedvaldomagalhaes.com.br\/?p=82136"},"modified":"2022-04-13T08:43:29","modified_gmt":"2022-04-13T11:43:29","slug":"vereador-irmao-ronaldo-solicita-construcao-de-creche-no-bairro-maria-auxiliadora","status":"publish","type":"post","link":"https:\/\/blogdoedvaldomagalhaes.com.br\/index.php\/2022\/04\/13\/vereador-irmao-ronaldo-solicita-construcao-de-creche-no-bairro-maria-auxiliadora\/","title":{"rendered":"Vereador Irm\u00e3o Ronaldo solicita constru\u00e7\u00e3o de creche no bairro Maria Auxiliadora"},"content":{"rendered":"<p style=\"text-align: justify;\">O vereador Irm\u00e3o Ronaldo esteve presente no culto de Adora\u00e7\u00e3o na Igreja Pentecostal Plenitude da Gra\u00e7a, onde serve como Presb\u00edtero, ao lado do cantor Matos Nascimento que relatou seu Testemunho e cantou seus maiores sucessos da musica gospel.<\/p>\n<p style=\"text-align: justify;\">REQUERIMENTOS SOLICITADOS DE AUTORIA DO VEREADOR IRM\u00c3O RONALDO<\/p>\n<p style=\"text-align: justify;\">REQUERIMENTO n\u00ba 1131 de 2022 Para que se viabilize a Constru\u00e7\u00e3o de uma Pra\u00e7a Moderna no espa\u00e7o que fica Localizado em frente \u00e0 Igreja Cat\u00f3lica, na Rua J\u00e2nio Quadros, bairro Jardim Panorama.<\/p>\n<p style=\"text-align: justify;\">REQUERIMENTO n\u00ba 1132 de 2022 Para que se viabilize a pavimenta\u00e7\u00e3o asf\u00e1ltica da Avenida Z\u00e9 Tatu, localizada no bairro Maria Auxiliadora.<br \/>REQUERIMENTO n\u00ba 1133 de 2022 Para que se viabilize a Constru\u00e7\u00e3o de uma Quadra Poliesportiva Coberta, Bairro Jardim Panorama.<\/p>\n<p style=\"text-align: justify;\">REQUERIMENTO n\u00ba 1134 de 2022 Para que se viabilize a constru\u00e7\u00e3o de uma CMEI &#8211; CENTRO MUNICIPAL DE EDUCA\u00c7\u00c3O INFANTIL, uma Creche com URG\u00caNCIA, no Bairro Maria Auxiliadora, nesta Cidade.<\/p>\n<p style=\"text-align: justify;\">REQUERIMENTO n\u00ba 1135 de 2022 Para que se viabilize a implanta\u00e7\u00e3o de um Telef\u00e9rico no Monte Bom Jesus ligando a Feira de Caruaru.<\/p>\n<p style=\"text-align: justify;\">REQUERIMENTO n\u00ba 1172 de 2022 Para que se viabilize a troca de uma l\u00e2mpada no poste de n\u00famero T025247 que fica localizado na Rua L\u00facia Ver\u00edssimo, 10, Bairro Severino Afonso.<\/p>\n<p style=\"text-align: justify;\">REQUERIMENTO n\u00ba 1173 de 2022 Apelo para que viabilize pintura de faixas de pedestres e instala\u00e7\u00e3o de placas de sinaliza\u00e7\u00e3o na Rua Duque de Caxias, em frente ao Memorial da Cidade de Caruaru (antigo Mercado de Farinha).<\/p>\n<p style=\"text-align: justify;\">REQUERIMENTO n\u00ba 1174 de 2022 para que se viabilize a Reforma e Requalifica\u00e7\u00e3o da Pra\u00e7a que fica localizada na Avenida Amazonas, atr\u00e1s do condom\u00ednio Acqua Home Club, bairro Universit\u00e1rio.<\/p>\n<p style=\"text-align: justify;\">REQUERIMENTO n\u00ba 1196 de 2022 Para que se viabilize a troca de uma l\u00e2mpada no poste de n\u00famero T048872, T048873, T048874, T048875 e T048876 que fica localizado na Rua 1, Bairro S\u00edtio Encanto, ao lado da antiga Coca cola em frente a Ceaca.<\/p>\n<p style=\"text-align: justify;\">REQUERIMENTO n\u00ba 1200 de 2022 Para realizar o mais URG\u00caNTE poss\u00edvel \u00e0 opera\u00e7\u00e3o Tapa buraco na Rua Luiz Geraldo Torres Damasceno, Bairro Maria Auxiliadora.<\/p>\n<p style=\"text-align: justify;\">PROJETOS DE DENOMINA\u00c7\u00d5ES DE RUAS QUE J\u00c1 FORAM APROVADAS E SE TORNAR\u00c3O LEI:<\/p>\n<p style=\"text-align: justify;\">PL 9139\/2021 &#8211; PROJETO DE LEI J\u00e1 \u00e9 lei Art. 1\u00ba Fica denominada de RUA AP\u00d3STOLO PAULO, a antiga Rua Projetada R-14, conhecida como 2\u00aa Travessa Turquia, localizada no Bairro S\u00c3O JO\u00c3O DA ESC\u00d3CIA, nesta cidade de Caruaru-PE.<\/p>\n<p style=\"text-align: justify;\">PL 9134\/2021 &#8211; PROJETO DE LEI j\u00e1 \u00e9 lei Fica denominada de Rua Rainha Ester a atual Rua Projetada, conhecida como 2\u00aa Travessa Canad\u00e1, localizada no Bairro SALGADO, nesta cidade de Caruaru-PE<\/p>\n<p style=\"text-align: justify;\">PL 9137\/2021 &#8211; PROJETO DE LEI j\u00e1 \u00e9 Fica denominada de Rua Rei Davi a atual Rua Projetada R-23, conhecida como Travessa Sol Nascente, localizada no Bairro S\u00c3O JO\u00c3O DA ESC\u00d3CIA, nesta cidade de Caruaru-PE.<\/p>\n<p style=\"text-align: justify;\">PL 9138\/2021 &#8211; PROJETO DE LEI j\u00e1 \u00e9 lei 1\u00ba Fica denominada de Rua Fabiana Anast\u00e1cio a atual Rua Projetada, antiga Travessa Cantor Milton Carlos, localizada no Bairro SALGADO, nesta cidade de Caruaru-PE.<\/p>\n<p>Foto: Vlademir Barreto.<\/p>\n\n\n<figure class=\"wp-block-image size-large\"><img loading=\"lazy\" decoding=\"async\" width=\"870\" height=\"490\" src=\"https:\/\/blogdoedvaldomagalhaes.com.br\/wp-content\/uploads\/2022\/04\/Screenshot_20220413-0758002.png\" alt=\"\" class=\"wp-image-82137\" srcset=\"https:\/\/blogdoedvaldomagalhaes.com.br\/wp-content\/uploads\/2022\/04\/Screenshot_20220413-0758002.png 870w, https:\/\/blogdoedvaldomagalhaes.com.br\/wp-content\/uploads\/2022\/04\/Screenshot_20220413-0758002-300x169.png 300w, https:\/\/blogdoedvaldomagalhaes.com.br\/wp-content\/uploads\/2022\/04\/Screenshot_20220413-0758002-768x433.png 768w, https:\/\/blogdoedvaldomagalhaes.com.br\/wp-content\/uploads\/2022\/04\/Screenshot_20220413-0758002-720x405.png 720w\" sizes=\"auto, (max-width: 870px) 100vw, 870px\" \/><figcaption>Foto: Divulga\u00e7\u00e3o<\/figcaption><\/figure>\n","protected":false},"excerpt":{"rendered":"<p>O vereador Irm\u00e3o Ronaldo esteve presente no culto de Adora\u00e7\u00e3o na Igreja Pentecostal Plenitude da Gra\u00e7a, onde serve como Presb\u00edtero,&hellip;<\/p>\n","protected":false},"author":1,"featured_media":81395,"comment_status":"open","ping_status":"open","sticky":false,"template":"","format":"standard","meta":{"footnotes":""},"categories":[14122],"tags":[2,19532,3406,24410],"class_list":["post-82136","post","type-post","status-publish","format-standard","has-post-thumbnail","hentry","category-politica","tag-blog-do-edvaldo-magalhaes","tag-blog-mais-acessado-e-visualizado-de-caruaru-e-regiao","tag-caruaru","tag-vereador-irmao-ronaldo-solicita-construcao-de-creche-no-bairro-maria-auxiliadora"],"_links":{"self":[{"href":"https:\/\/blogdoedvaldomagalhaes.com.br\/index.php\/wp-json\/wp\/v2\/posts\/82136","targetHints":{"allow":["GET"]}}],"collection":[{"href":"https:\/\/blogdoedvaldomagalhaes.com.br\/index.php\/wp-json\/wp\/v2\/posts"}],"about":[{"href":"https:\/\/blogdoedvaldomagalhaes.com.br\/index.php\/wp-json\/wp\/v2\/types\/post"}],"author":[{"embeddable":true,"href":"https:\/\/blogdoedvaldomagalhaes.com.br\/index.php\/wp-json\/wp\/v2\/users\/1"}],"replies":[{"embeddable":true,"href":"https:\/\/blogdoedvaldomagalhaes.com.br\/index.php\/wp-json\/wp\/v2\/comments?post=82136"}],"version-history":[{"count":1,"href":"https:\/\/blogdoedvaldomagalhaes.com.br\/index.php\/wp-json\/wp\/v2\/posts\/82136\/revisions"}],"predecessor-version":[{"id":82138,"href":"https:\/\/blogdoedvaldomagalhaes.com.br\/index.php\/wp-json\/wp\/v2\/posts\/82136\/revisions\/82138"}],"wp:featuredmedia":[{"embeddable":true,"href":"https:\/\/blogdoedvaldomagalhaes.com.br\/index.php\/wp-json\/wp\/v2\/media\/81395"}],"wp:attachment":[{"href":"https:\/\/blogdoedvaldomagalhaes.com.br\/index.php\/wp-json\/wp\/v2\/media?parent=82136"}],"wp:term":[{"taxonomy":"category","embeddable":true,"href":"https:\/\/blogdoedvaldomagalhaes.com.br\/index.php\/wp-json\/wp\/v2\/categories?post=82136"},{"taxonomy":"post_tag","embeddable":true,"href":"https:\/\/blogdoedvaldomagalhaes.com.br\/index.php\/wp-json\/wp\/v2\/tags?post=82136"}],"curies":[{"name":"wp","href":"https:\/\/api.w.org\/{rel}","templated":true}]}}