{"id":82132,"date":"2022-04-13T08:14:04","date_gmt":"2022-04-13T11:14:04","guid":{"rendered":"https:\/\/blogdoedvaldomagalhaes.com.br\/?p=82132"},"modified":"2022-04-13T08:18:46","modified_gmt":"2022-04-13T11:18:46","slug":"aprovado-pl-de-jorge-quintino-que-institui-o-dia-municipal-de-luta-contra-a-gordofobia-em-caruaru","status":"publish","type":"post","link":"https:\/\/blogdoedvaldomagalhaes.com.br\/index.php\/2022\/04\/13\/aprovado-pl-de-jorge-quintino-que-institui-o-dia-municipal-de-luta-contra-a-gordofobia-em-caruaru\/","title":{"rendered":"Aprovado PL de Jorge Quintino que institui o Dia Municipal de Luta contra a Gordofobia em Caruaru"},"content":{"rendered":"<p style=\"text-align: justify;\">Aprovado por unanimidade na reuni\u00e3o ordin\u00e1ria da C\u00e2mara Municipal de Caruaru, nessa ter\u00e7a-feira (12),\u00a0 projeto de lei de autoria do vereador Jorge Quintino, que visa combater a gordofobia no munic\u00edpio.\u00a0 O parlamentar justificou a propositura: &#8220;Infelizmente esta \u00e9 uma atitude normalizada na sociedade em que vivemos e possui diversas formas de ser disseminada, das mais sutis at\u00e9 as mais agressivas. Este tema \u00e9 cada vez mais discutido por pessoas gordas, em busca de uma sociedade mais justa com toda a variedade de corpos que existem, afinal, todos temos o direito ao respeito&#8221;, afirmou Jorge Quintino.<\/p>\n<p style=\"text-align: justify;\">Coment\u00e1rios como \u201cela \u00e9 bonita de rosto, pena ser gordinha\u201d s\u00e3o comuns no dia a dia e, dificilmente, encarados como preconceituosos ou ofensivos. Uma pesquisa realizada em 2017 pelo Ibope, por exemplo, indicou que a gordofobia \u00e9 um fator presente na rotina de 92% da popula\u00e7\u00e3o brasileira. De uns anos para c\u00e1, principalmente em decorr\u00eancia das redes sociais, a press\u00e3o por um \u201ccorpo perfeito\u201d, alinhado aos padr\u00f5es de beleza estipulados pela sociedade, vem se tornando uma discuss\u00e3o cada vez mais presente no cotidiano, por outro lado, o assunto ainda parece ser um tabu e bastante recorrente.<\/p>\n<p style=\"text-align: justify;\">Outro projeto de lei de autoria do vereador Jorge Quintino, aprovado por unanimidade na mesma reuni\u00e3o visa homenagear a Via Parque, espa\u00e7o que conta com pista de cooper, ciclovia, academia da terceira idade com equipamentos espec\u00edficos, pista de skate, quadra de futebol de areia, quadra de v\u00f4lei de areia, quadra de basquete, playgrounds, academia, salas de apoio para academia, seguran\u00e7a p\u00fablica, fonte seca, pra\u00e7a de estar, ecopontos, cal\u00e7adas acess\u00edveis, paisagismo e sobretudo, garante a integra\u00e7\u00e3o de toda a cidade. Com o total de 16 bairros da cidade\u00a0 interligados, e 8,5 km de extens\u00e3o, a Via Parque proporciona aos mun\u00edcipes lazer, esporte, seguran\u00e7a e principalmente, qualidade de vida.<\/p>\n\n\n<p><\/p>\n","protected":false},"excerpt":{"rendered":"<p>Aprovado por unanimidade na reuni\u00e3o ordin\u00e1ria da C\u00e2mara Municipal de Caruaru, nessa ter\u00e7a-feira (12),\u00a0 projeto de lei de autoria do&hellip;<\/p>\n","protected":false},"author":1,"featured_media":81760,"comment_status":"open","ping_status":"open","sticky":false,"template":"","format":"standard","meta":{"footnotes":""},"categories":[14122],"tags":[24409,2,19532,3406],"class_list":["post-82132","post","type-post","status-publish","format-standard","has-post-thumbnail","hentry","category-politica","tag-aprovado-pl-de-jorge-quintino-que-institui-o-dia-municipal-de-luta-contra-a-gordofobia-em-caruaru","tag-blog-do-edvaldo-magalhaes","tag-blog-mais-acessado-e-visualizado-de-caruaru-e-regiao","tag-caruaru"],"_links":{"self":[{"href":"https:\/\/blogdoedvaldomagalhaes.com.br\/index.php\/wp-json\/wp\/v2\/posts\/82132","targetHints":{"allow":["GET"]}}],"collection":[{"href":"https:\/\/blogdoedvaldomagalhaes.com.br\/index.php\/wp-json\/wp\/v2\/posts"}],"about":[{"href":"https:\/\/blogdoedvaldomagalhaes.com.br\/index.php\/wp-json\/wp\/v2\/types\/post"}],"author":[{"embeddable":true,"href":"https:\/\/blogdoedvaldomagalhaes.com.br\/index.php\/wp-json\/wp\/v2\/users\/1"}],"replies":[{"embeddable":true,"href":"https:\/\/blogdoedvaldomagalhaes.com.br\/index.php\/wp-json\/wp\/v2\/comments?post=82132"}],"version-history":[{"count":2,"href":"https:\/\/blogdoedvaldomagalhaes.com.br\/index.php\/wp-json\/wp\/v2\/posts\/82132\/revisions"}],"predecessor-version":[{"id":82135,"href":"https:\/\/blogdoedvaldomagalhaes.com.br\/index.php\/wp-json\/wp\/v2\/posts\/82132\/revisions\/82135"}],"wp:featuredmedia":[{"embeddable":true,"href":"https:\/\/blogdoedvaldomagalhaes.com.br\/index.php\/wp-json\/wp\/v2\/media\/81760"}],"wp:attachment":[{"href":"https:\/\/blogdoedvaldomagalhaes.com.br\/index.php\/wp-json\/wp\/v2\/media?parent=82132"}],"wp:term":[{"taxonomy":"category","embeddable":true,"href":"https:\/\/blogdoedvaldomagalhaes.com.br\/index.php\/wp-json\/wp\/v2\/categories?post=82132"},{"taxonomy":"post_tag","embeddable":true,"href":"https:\/\/blogdoedvaldomagalhaes.com.br\/index.php\/wp-json\/wp\/v2\/tags?post=82132"}],"curies":[{"name":"wp","href":"https:\/\/api.w.org\/{rel}","templated":true}]}}