{"id":82129,"date":"2022-04-13T07:40:09","date_gmt":"2022-04-13T10:40:09","guid":{"rendered":"https:\/\/blogdoedvaldomagalhaes.com.br\/?p=82129"},"modified":"2022-04-13T07:40:11","modified_gmt":"2022-04-13T10:40:11","slug":"filmes-de-caruaru-sao-premiados-na-iii-orocine","status":"publish","type":"post","link":"https:\/\/blogdoedvaldomagalhaes.com.br\/index.php\/2022\/04\/13\/filmes-de-caruaru-sao-premiados-na-iii-orocine\/","title":{"rendered":"Filmes de Caruaru s\u00e3o premiados na III Orocine"},"content":{"rendered":"<p style=\"text-align: justify;\"><span style=\"font-size: inherit;\">Duas produ\u00e7\u00f5es de Caruaru foram premiadas na terceira edi\u00e7\u00e3o da Orocine, a Mostra Orob\u00f3 de Cinema. Ao todo, 15 filmes receberam pr\u00eamios por terem se destacado em uma das categorias. A cerim\u00f4nia de premia\u00e7\u00e3o encerrou o evento que foi realizado, de forma h\u00edbrida, de 04 a 10 de abril. No site (mostraorocine.com.br), \u00e9 poss\u00edvel conferir os 44 filmes selecionados at\u00e9 o dia 13 de abril.<\/span><\/p>\n<p style=\"text-align: justify;\">A produ\u00e7\u00e3o caruaruense \u201cA Botija, o Beato e a Besta-fera\u201d, de Tulio Beat, recebeu men\u00e7\u00e3o honrosa; j\u00e1 \u201cA\u00e7ude n\u00b0 50\u201d, de Wagner Ferreira e Paulo Concei\u00e7\u00e3o, foi considerado como a Melhor Produ\u00e7\u00e3o da Orocine. Em cada mostra competitiva foi escolhido o melhor filme. Na Mostra Luar do Sert\u00e3o, o vencedor foi \u201cA Tradicional Fam\u00edlia Brasileira Katu\u201d, de Rodrigo Sena; Na Contram\u00e3o, foi \u201cCorreria\u201d, de Liliana Mont Serrat; na Mostra Acessibilidade, o melhor foi \u201cCurva Sinuosa\u201d, de Andr\u00e9ia Moreira Pires; em Brincadeiras de Roda foi o curta \u201cCapit\u00e3o Tocha\u201d, de Matheus Amorim; e na Mostra Serra Verde, \u201cEw\u00e9 de \u00d2s\u00e1ny\u00edn: o Segredo das Folhas\u201d, de P\u00e2mela Peregrino, foi considerado o melhor.<\/p>\n<p style=\"text-align: justify;\">As outras sete categorias premiaram aspectos t\u00e9cnicas dos filmes. Igor Pimentel e Rosielle Machado receberam o pr\u00eamio de melhor Dire\u00e7\u00e3o por \u201cAdeus, Carnaval de Olinda\u201d. O Melhor Roteiro ficou com Felipe dos Santos, por \u201cQuintal Verde\u201d. \u201cMadeira de Lei\u201d, de Kalor Pacheco, conquistou dois pr\u00eamios: melhor Fotografia e melhor Atriz. Melhor Dire\u00e7\u00e3o de Arte foi para Bako Machado, por \u201cJaguam\u00e9rica\u201d; e Melhor Ator, Mestre Martelo, por \u201cDa Boca da Noite \u00e0 Barra do Dia\u201d. A criatividade e experimenta\u00e7\u00e3o narrativa no uso dos recursos de acessibilidade em \u201cKikazaru\u201d, de Matheus Cabral, fez com que o filme levasse uma men\u00e7\u00e3o honrosa tamb\u00e9m.<\/p>\n<p style=\"text-align: justify;\">Uma categoria ainda n\u00e3o tem o Melhor Filme, \u00e9 o de J\u00fari Popular. No site, as pessoas podem votar at\u00e9 o dia 13 de abril. O filme que tiver mais voto ficar\u00e1 com o pr\u00eamio.<\/p>\n<p style=\"text-align: justify;\">*Homenagem* &#8211; A edi\u00e7\u00e3o deste ano valorizou a cultura local, representada por cantadores e violeiros, homenageando Raimundo Sanfoneiro e Biu Moura. A III Orocine teve atividade presencial e virtual. Escolas p\u00fablicas receberam oficinas e sess\u00f5es itinerantes de filmes. O Sal\u00e3o Paroquial, que funciona no pr\u00e9dio do antigo cinema da cidade, sediou exibi\u00e7\u00e3o de filmes e uma das prosas, fomentando o debate sobre a produ\u00e7\u00e3o de filmes no interior pernambucano. Mas tamb\u00e9m teve debate e oficinas que aconteceram no ambiente virtual. E neste ambiente a mostra ainda n\u00e3o acabou. At\u00e9 o dia 13 de abril \u00e9 poss\u00edvel conferir todos os filmes que foram selecionados para a edi\u00e7\u00e3o de 2022.<\/p>\n<p style=\"text-align: justify;\">Para Carlos Kamara, organizador da Mostra, foram muitos desafios este ano. Fazer o evento de forma h\u00edbrida, enaltecendo a for\u00e7a do cinema do Interior, e fazer com que o cinema volte a encantar as pessoas. Algumas atividades da Orocine foram realizadas no antigo cinema da cidade e a ideia \u00e9 \u201cReacender esse espa\u00e7o que existia e hoje funciona como ponto de apoio da igreja cat\u00f3lica, mas que ele pode ser um espa\u00e7o de cultura\u201d, destacou Kamara.<\/p>\n<p style=\"text-align: justify;\">A III Orocine contou com o incentivo da Lei Aldir Blanc, atrav\u00e9s da SECULT-PE e teve a coprodu\u00e7\u00e3o com a Maat Produ\u00e7\u00f5es, patroc\u00ednio da Prefeitura Municipal de Orob\u00f3 e apoio cultural da Reserva Serra Verde.<\/p>\n<p style=\"text-align: justify;\">*Premia\u00e7\u00e3o da III Orocine 2022 &#8211; Mostra Orob\u00f3 de Cinema*<br \/>\nSite https:\/\/mostraorocine.com.br\/<\/p>\n<p style=\"text-align: justify;\"><strong>MEN\u00c7\u00d5ES HONROSAS<\/strong><br \/>\nA produ\u00e7\u00e3o de A Botija, o Beato e a Besta-fera, de Tulio Beat<br \/>\nKikazaru, de Matheus Cabral<\/p>\n<p style=\"text-align: justify;\">MELHOR FILME MOSTRA LUAR DO SERT\u00c3O<br \/>\nA Tradicional Fam\u00edlia Brasileira Katu, de Rodrigo Sena<\/p>\n<p style=\"text-align: justify;\"><strong>MELHOR FILME MOSTRA NA CONTRAM\u00c3O<\/strong><br \/>\nCorreria, de Liliana Mont Serrat<\/p>\n<p style=\"text-align: justify;\"><strong>MELHOR FILME MOSTRA ACESSIBILIDADE<\/strong><br \/>\nCurva Sinuosa, de Andr\u00e9ia Moreira Pires<\/p>\n<p style=\"text-align: justify;\"><strong>MELHOR FILME MOSTRA BRINCADEIRAS DE RODA<\/strong><br \/>\nCapit\u00e3o Tocha, de Matheus Amorim<\/p>\n<p style=\"text-align: justify;\"><strong>MELHOR FILME MOSTRA SERRA VERDE<\/strong><br \/>\nEw\u00e9 de \u00d2s\u00e1ny\u00edn: o Segredo das Folhas, de P\u00e2mela Peregrino<\/p>\n<p style=\"text-align: justify;\"><strong>MELHOR FILME MOSTRA FOR\u00c7A INTERIOR<\/strong><br \/>\nDa Boca da Noite \u00e0 Barra do Dia, de Tiago Del\u00e1cio<\/p>\n<p style=\"text-align: justify;\"><strong>MELHOR DIRE\u00c7\u00c3O<\/strong><br \/>\nIgor Pimentel e Rosielle Machado, por Adeus, Carnaval de Olinda<\/p>\n<p style=\"text-align: justify;\"><strong>MELHOR PRODU\u00c7\u00c3O<\/strong><br \/>\nA\u00e7ude n\u00b0 50, de Wagner Ferreira e Paulo Concei\u00e7\u00e3o<\/p>\n<p style=\"text-align: justify;\"><strong>MELHOR ROTEIRO<\/strong><br \/>\nFelipe dos Santos, por Quintal Verde<\/p>\n<p style=\"text-align: justify;\"><strong>MELHOR FOTOGRAFIA<\/strong><br \/>\nKalor Pacheco, por Madeira de Lei<\/p>\n<p style=\"text-align: justify;\"><strong>MELHOR DIRE\u00c7\u00c3O DE ARTE<\/strong><br \/>\nBako Machado, por Jaguam\u00e9rica<\/p>\n<p style=\"text-align: justify;\"><strong>MELHOR ATOR<\/strong><br \/>\nMestre Martelo, por Da Boca da Noite \u00e0 Barra do Dia<\/p>\n<p style=\"text-align: justify;\"><strong>MELHOR ATRIZ<\/strong><br \/>\nKalor Pacheco, por Madeira de Lei<\/p>\n","protected":false},"excerpt":{"rendered":"<p>Duas produ\u00e7\u00f5es de Caruaru foram premiadas na terceira edi\u00e7\u00e3o da Orocine, a Mostra Orob\u00f3 de Cinema. Ao todo, 15 filmes&hellip;<\/p>\n","protected":false},"author":1,"featured_media":82130,"comment_status":"open","ping_status":"open","sticky":false,"template":"","format":"standard","meta":{"footnotes":""},"categories":[14120],"tags":[2,19532,3406,24408],"class_list":["post-82129","post","type-post","status-publish","format-standard","has-post-thumbnail","hentry","category-noticias","tag-blog-do-edvaldo-magalhaes","tag-blog-mais-acessado-e-visualizado-de-caruaru-e-regiao","tag-caruaru","tag-filmes-de-caruaru-sao-premiados-na-iii-orocine"],"_links":{"self":[{"href":"https:\/\/blogdoedvaldomagalhaes.com.br\/index.php\/wp-json\/wp\/v2\/posts\/82129","targetHints":{"allow":["GET"]}}],"collection":[{"href":"https:\/\/blogdoedvaldomagalhaes.com.br\/index.php\/wp-json\/wp\/v2\/posts"}],"about":[{"href":"https:\/\/blogdoedvaldomagalhaes.com.br\/index.php\/wp-json\/wp\/v2\/types\/post"}],"author":[{"embeddable":true,"href":"https:\/\/blogdoedvaldomagalhaes.com.br\/index.php\/wp-json\/wp\/v2\/users\/1"}],"replies":[{"embeddable":true,"href":"https:\/\/blogdoedvaldomagalhaes.com.br\/index.php\/wp-json\/wp\/v2\/comments?post=82129"}],"version-history":[{"count":1,"href":"https:\/\/blogdoedvaldomagalhaes.com.br\/index.php\/wp-json\/wp\/v2\/posts\/82129\/revisions"}],"predecessor-version":[{"id":82131,"href":"https:\/\/blogdoedvaldomagalhaes.com.br\/index.php\/wp-json\/wp\/v2\/posts\/82129\/revisions\/82131"}],"wp:featuredmedia":[{"embeddable":true,"href":"https:\/\/blogdoedvaldomagalhaes.com.br\/index.php\/wp-json\/wp\/v2\/media\/82130"}],"wp:attachment":[{"href":"https:\/\/blogdoedvaldomagalhaes.com.br\/index.php\/wp-json\/wp\/v2\/media?parent=82129"}],"wp:term":[{"taxonomy":"category","embeddable":true,"href":"https:\/\/blogdoedvaldomagalhaes.com.br\/index.php\/wp-json\/wp\/v2\/categories?post=82129"},{"taxonomy":"post_tag","embeddable":true,"href":"https:\/\/blogdoedvaldomagalhaes.com.br\/index.php\/wp-json\/wp\/v2\/tags?post=82129"}],"curies":[{"name":"wp","href":"https:\/\/api.w.org\/{rel}","templated":true}]}}