{"id":82123,"date":"2022-04-12T21:46:30","date_gmt":"2022-04-13T00:46:30","guid":{"rendered":"https:\/\/blogdoedvaldomagalhaes.com.br\/?p=82123"},"modified":"2022-04-12T21:46:31","modified_gmt":"2022-04-13T00:46:31","slug":"prefeito-rodrigo-pinheiro-se-reune-com-o-presidente-do-tribunal-de-contas-de-pernambuco","status":"publish","type":"post","link":"https:\/\/blogdoedvaldomagalhaes.com.br\/index.php\/2022\/04\/12\/prefeito-rodrigo-pinheiro-se-reune-com-o-presidente-do-tribunal-de-contas-de-pernambuco\/","title":{"rendered":"Prefeito Rodrigo Pinheiro se re\u00fane com o presidente do Tribunal de Contas de Pernambuco"},"content":{"rendered":"<p style=\"text-align: justify;\"><span style=\"font-size: inherit;\">O prefeito de Caruaru, Rodrigo Pinheiro, visitou, nesta ter\u00e7a (12), o Tribunal de Contas de Pernambuco. Na ocasi\u00e3o, tratou de v\u00e1rias demandas que interessam \u00e0 Capital do Agreste.<\/span><\/p>\n<p style=\"text-align: justify;\">Ranilson Ramos, presidente do TCE-PE, valorizou a import\u00e2ncia de estar com o chefe do Executivo municipal que, al\u00e9m de ter tido a iniciativa da visita, tratou de pautas bastante pertinentes, buscando o melhor para a popula\u00e7\u00e3o.<\/p>\n<p style=\"text-align: justify;\">O procurador do munic\u00edpio, Dimitre Bezerra, e assessores especiais estiveram presentes no encontro.<\/p>\n<p>Foto: SEIC\/Divulga\u00e7\u00e3o.<\/p>\n","protected":false},"excerpt":{"rendered":"<p>O prefeito de Caruaru, Rodrigo Pinheiro, visitou, nesta ter\u00e7a (12), o Tribunal de Contas de Pernambuco. Na ocasi\u00e3o, tratou de&hellip;<\/p>\n","protected":false},"author":1,"featured_media":82124,"comment_status":"open","ping_status":"open","sticky":false,"template":"","format":"standard","meta":{"footnotes":""},"categories":[14122],"tags":[2,19532,3406,24406],"class_list":["post-82123","post","type-post","status-publish","format-standard","has-post-thumbnail","hentry","category-politica","tag-blog-do-edvaldo-magalhaes","tag-blog-mais-acessado-e-visualizado-de-caruaru-e-regiao","tag-caruaru","tag-prefeito-rodrigo-pinheiro-se-reune-com-o-presidente-do-tribunal-de-contas-de-pernambuco"],"_links":{"self":[{"href":"https:\/\/blogdoedvaldomagalhaes.com.br\/index.php\/wp-json\/wp\/v2\/posts\/82123","targetHints":{"allow":["GET"]}}],"collection":[{"href":"https:\/\/blogdoedvaldomagalhaes.com.br\/index.php\/wp-json\/wp\/v2\/posts"}],"about":[{"href":"https:\/\/blogdoedvaldomagalhaes.com.br\/index.php\/wp-json\/wp\/v2\/types\/post"}],"author":[{"embeddable":true,"href":"https:\/\/blogdoedvaldomagalhaes.com.br\/index.php\/wp-json\/wp\/v2\/users\/1"}],"replies":[{"embeddable":true,"href":"https:\/\/blogdoedvaldomagalhaes.com.br\/index.php\/wp-json\/wp\/v2\/comments?post=82123"}],"version-history":[{"count":1,"href":"https:\/\/blogdoedvaldomagalhaes.com.br\/index.php\/wp-json\/wp\/v2\/posts\/82123\/revisions"}],"predecessor-version":[{"id":82125,"href":"https:\/\/blogdoedvaldomagalhaes.com.br\/index.php\/wp-json\/wp\/v2\/posts\/82123\/revisions\/82125"}],"wp:featuredmedia":[{"embeddable":true,"href":"https:\/\/blogdoedvaldomagalhaes.com.br\/index.php\/wp-json\/wp\/v2\/media\/82124"}],"wp:attachment":[{"href":"https:\/\/blogdoedvaldomagalhaes.com.br\/index.php\/wp-json\/wp\/v2\/media?parent=82123"}],"wp:term":[{"taxonomy":"category","embeddable":true,"href":"https:\/\/blogdoedvaldomagalhaes.com.br\/index.php\/wp-json\/wp\/v2\/categories?post=82123"},{"taxonomy":"post_tag","embeddable":true,"href":"https:\/\/blogdoedvaldomagalhaes.com.br\/index.php\/wp-json\/wp\/v2\/tags?post=82123"}],"curies":[{"name":"wp","href":"https:\/\/api.w.org\/{rel}","templated":true}]}}