{"id":82117,"date":"2022-04-12T17:52:45","date_gmt":"2022-04-12T20:52:45","guid":{"rendered":"https:\/\/blogdoedvaldomagalhaes.com.br\/?p=82117"},"modified":"2022-04-12T17:52:46","modified_gmt":"2022-04-12T20:52:46","slug":"anderson-correia-reforca-parceria-com-a-pm-contra-maus-tratos-e-vai-palestrar-sobre-direito-animal-no-4o-bpm","status":"publish","type":"post","link":"https:\/\/blogdoedvaldomagalhaes.com.br\/index.php\/2022\/04\/12\/anderson-correia-reforca-parceria-com-a-pm-contra-maus-tratos-e-vai-palestrar-sobre-direito-animal-no-4o-bpm\/","title":{"rendered":"Anderson Correia refor\u00e7a parceria com a PM contra maus-tratos e vai palestrar sobre direito animal no 4\u00ba BPM"},"content":{"rendered":"<p style=\"text-align: justify;\"><span style=\"font-size: inherit;\">O vereador e pr\u00e9-candidato a deputado federal, Anderson Correia (PP), esteve reunido, na tarde desta ter\u00e7a-feira (12), com o comandante do 4\u00ba Batalh\u00e3o da Pol\u00edcia Militar, o Tenente Coronel Adriel Serafim, para tratar de assuntos relacionados \u00e0 seguran\u00e7a p\u00fablica no \u00e2mbito da causa animal, refor\u00e7ando o apoio e a parceria da PM no combate aos maus-tratos contra os animais n\u00e3o-humanos de Caruaru e regi\u00e3o. Na ocasi\u00e3o, tamb\u00e9m ficou acordado a realiza\u00e7\u00e3o de um treinamento sobre o direito animal, ministrado pelo parlamentar.<\/span><\/p>\n<p style=\"text-align: justify;\">\u201cGrande parte do nosso mandato \u00e9 pautado em cima do combate aos maus-tratos e a pol\u00edcia \u00e9 uma grande parceira nisso. Esse encontro refor\u00e7ou esse apoio deles, ainda mais neste m\u00eas que vivemos o Abril Laranja, campanha que conscientiza contra a crueldade animal, que inclusive tem a lei municipal 6.699, de minha autoria, sobre o tema. Teremos a chance de tornar essa parceria ainda mais qualitativa, com o treinamento sobre o direito animal. Por isso, nosso agradecimento a todos os guerreiros de farda, que tamb\u00e9m s\u00e3o amigos da causa animal em nossa regi\u00e3o, por todos esses anos ao nosso lado\u201d, destacou o edil.<\/p>\n","protected":false},"excerpt":{"rendered":"<p>O vereador e pr\u00e9-candidato a deputado federal, Anderson Correia (PP), esteve reunido, na tarde desta ter\u00e7a-feira (12), com o comandante&hellip;<\/p>\n","protected":false},"author":1,"featured_media":82118,"comment_status":"open","ping_status":"open","sticky":false,"template":"","format":"standard","meta":{"footnotes":""},"categories":[14122],"tags":[24404,2,19532,3406],"class_list":["post-82117","post","type-post","status-publish","format-standard","has-post-thumbnail","hentry","category-politica","tag-anderson-correia-reforca-parceria-com-a-pm-contra-maus-tratos-e-vai-palestrar-sobre-direito-animal-no-4o-bpm","tag-blog-do-edvaldo-magalhaes","tag-blog-mais-acessado-e-visualizado-de-caruaru-e-regiao","tag-caruaru"],"_links":{"self":[{"href":"https:\/\/blogdoedvaldomagalhaes.com.br\/index.php\/wp-json\/wp\/v2\/posts\/82117","targetHints":{"allow":["GET"]}}],"collection":[{"href":"https:\/\/blogdoedvaldomagalhaes.com.br\/index.php\/wp-json\/wp\/v2\/posts"}],"about":[{"href":"https:\/\/blogdoedvaldomagalhaes.com.br\/index.php\/wp-json\/wp\/v2\/types\/post"}],"author":[{"embeddable":true,"href":"https:\/\/blogdoedvaldomagalhaes.com.br\/index.php\/wp-json\/wp\/v2\/users\/1"}],"replies":[{"embeddable":true,"href":"https:\/\/blogdoedvaldomagalhaes.com.br\/index.php\/wp-json\/wp\/v2\/comments?post=82117"}],"version-history":[{"count":1,"href":"https:\/\/blogdoedvaldomagalhaes.com.br\/index.php\/wp-json\/wp\/v2\/posts\/82117\/revisions"}],"predecessor-version":[{"id":82119,"href":"https:\/\/blogdoedvaldomagalhaes.com.br\/index.php\/wp-json\/wp\/v2\/posts\/82117\/revisions\/82119"}],"wp:featuredmedia":[{"embeddable":true,"href":"https:\/\/blogdoedvaldomagalhaes.com.br\/index.php\/wp-json\/wp\/v2\/media\/82118"}],"wp:attachment":[{"href":"https:\/\/blogdoedvaldomagalhaes.com.br\/index.php\/wp-json\/wp\/v2\/media?parent=82117"}],"wp:term":[{"taxonomy":"category","embeddable":true,"href":"https:\/\/blogdoedvaldomagalhaes.com.br\/index.php\/wp-json\/wp\/v2\/categories?post=82117"},{"taxonomy":"post_tag","embeddable":true,"href":"https:\/\/blogdoedvaldomagalhaes.com.br\/index.php\/wp-json\/wp\/v2\/tags?post=82117"}],"curies":[{"name":"wp","href":"https:\/\/api.w.org\/{rel}","templated":true}]}}