{"id":82113,"date":"2022-04-12T11:46:56","date_gmt":"2022-04-12T14:46:56","guid":{"rendered":"https:\/\/blogdoedvaldomagalhaes.com.br\/?p=82113"},"modified":"2022-04-12T11:46:58","modified_gmt":"2022-04-12T14:46:58","slug":"operacao-pascoa-der-desliga-lombadas-e-amplia-fiscalizacao-nas-rodovias","status":"publish","type":"post","link":"https:\/\/blogdoedvaldomagalhaes.com.br\/index.php\/2022\/04\/12\/operacao-pascoa-der-desliga-lombadas-e-amplia-fiscalizacao-nas-rodovias\/","title":{"rendered":"Opera\u00e7\u00e3o P\u00e1scoa: DER desliga lombadas e amplia fiscaliza\u00e7\u00e3o nas rodovias"},"content":{"rendered":"<p style=\"text-align: justify;\"><span style=\"font-size: inherit;\">Neste per\u00edodo de P\u00e1scoa, o Departamento de Estradas de Rodagem (DER) ir\u00e1 desligar as lombadas eletr\u00f4nicas localizadas nos pontos mais movimentados de alguns principais destinos tur\u00edsticos do Estado. Al\u00e9m disso, o \u00f3rg\u00e3o atuar\u00e1 com uma programa\u00e7\u00e3o especial para intensificar as opera\u00e7\u00f5es de fiscaliza\u00e7\u00e3o nas rodovias estaduais e para a realiza\u00e7\u00e3o de a\u00e7\u00f5es de Educa\u00e7\u00e3o de Tr\u00e2nsito. Para isso, atuar\u00e1 em conjunto com o Batalh\u00e3o de Pol\u00edcia Rodovi\u00e1ria (BPRv), integrando a Opera\u00e7\u00e3o Lei Seca, que conta, ainda, com a Pol\u00edcia Rodovi\u00e1ria Federal (PRF), Departamento de Tr\u00e2nsito de Pernambuco (Detran\u2013PE), Secretaria Estadual de Sa\u00fade (SES) e com as autarquias de tr\u00e2nsito municipais conveniadas.<\/span><\/p>\n<p style=\"text-align: justify;\">Ser\u00e3o desligadas as seguintes lombadas eletr\u00f4nicas: PE-035, em Itapissuma, nos km 7,3 e 7,9, no Litoral Norte; e na PE-060, no Cabo de Santo Agostinho, nos km 0,1, 2,5, 8,42 e 8,43 e em Ipojuca, no km 16,63, no Litoral Sul, das 05h do dia 14 de abril, at\u00e9 \u00e0s 05h de 18 de abril. A a\u00e7\u00e3o visa dar mais fluidez ao tr\u00e2nsito nesses trechos, que devem receber um acr\u00e9scimo entre 30% e 40 % no fluxo de ve\u00edculos em rela\u00e7\u00e3o aos dias normais. \u00c9 importante lembrar que os equipamentos de fiscaliza\u00e7\u00e3o eletr\u00f4nica da BR-232, no bairro do Curado, j\u00e1 se encontram desligados desde 10 de mar\u00e7o, em virtude das obras de triplica\u00e7\u00e3o daquele trecho da via.<\/p>\n<p style=\"text-align: justify;\"><strong>ROTAS ALTERNATIVAS \u00c0 BR-232<\/strong><br \/>\n_Para evitar o trecho atualmente em obras na BR-232 no acesso \u00e0 RMR, o DER sugere rotas alternativas aos motoristas._<\/p>\n<p style=\"text-align: justify;\">\u2022<strong>SAINDO DA \u00c1REA NORTE DA RMR:<\/strong><br \/>\nSeguir pela PE-005 (Camaragibe) e pegar o Ramal da Copa. Continuar at\u00e9 o entroncamento com a BR-408, nas proximidades da Arena de Pernambuco, entrando \u00e0 esquerda na via federal e continuar at\u00e9 chegar \u00e0 BR-232, pegando \u00e0 direita para continuar a viagem sentido interior.<\/p>\n<p style=\"text-align: justify;\"><strong>\u2022SAINDO DA \u00c1REA SUL DA RMR:<\/strong><br \/>\nSeguir pela BR-101 Sul, sentido interior, at\u00e9 a cidade de Primavera, j\u00e1 na PE-063, continuar at\u00e9 Amaraji e acessar a PE-071, seguindo at\u00e9 o entroncamento com a BR-232, em Gravat\u00e1, nas proximidades do posto da PRF.<\/p>\n<p style=\"text-align: justify;\">LOMBADAS DESLIGADAS &#8211; _Das 05h do dia 14 de abril, at\u00e9 \u00e0s 05h de 18 de abril._<\/p>\n<p style=\"text-align: justify;\">PE-035 &#8211; km 7,3 e 7,9, em Itapissuma<br \/>\nPE-060 &#8211; km 0,1\/ 2,5\/ 8,42\/ 8,43, no Cabo de Santo Agostinho;<br \/>\nkm 16,63, em Ipojuca.<\/p>\n","protected":false},"excerpt":{"rendered":"<p>Neste per\u00edodo de P\u00e1scoa, o Departamento de Estradas de Rodagem (DER) ir\u00e1 desligar as lombadas eletr\u00f4nicas localizadas nos pontos mais&hellip;<\/p>\n","protected":false},"author":1,"featured_media":82114,"comment_status":"open","ping_status":"open","sticky":false,"template":"","format":"standard","meta":{"footnotes":""},"categories":[14120],"tags":[2,19532,3406,24403],"class_list":["post-82113","post","type-post","status-publish","format-standard","has-post-thumbnail","hentry","category-noticias","tag-blog-do-edvaldo-magalhaes","tag-blog-mais-acessado-e-visualizado-de-caruaru-e-regiao","tag-caruaru","tag-operacao-pascoa-der-desliga-lombadas-e-amplia-fiscalizacao-nas-rodovias"],"_links":{"self":[{"href":"https:\/\/blogdoedvaldomagalhaes.com.br\/index.php\/wp-json\/wp\/v2\/posts\/82113","targetHints":{"allow":["GET"]}}],"collection":[{"href":"https:\/\/blogdoedvaldomagalhaes.com.br\/index.php\/wp-json\/wp\/v2\/posts"}],"about":[{"href":"https:\/\/blogdoedvaldomagalhaes.com.br\/index.php\/wp-json\/wp\/v2\/types\/post"}],"author":[{"embeddable":true,"href":"https:\/\/blogdoedvaldomagalhaes.com.br\/index.php\/wp-json\/wp\/v2\/users\/1"}],"replies":[{"embeddable":true,"href":"https:\/\/blogdoedvaldomagalhaes.com.br\/index.php\/wp-json\/wp\/v2\/comments?post=82113"}],"version-history":[{"count":1,"href":"https:\/\/blogdoedvaldomagalhaes.com.br\/index.php\/wp-json\/wp\/v2\/posts\/82113\/revisions"}],"predecessor-version":[{"id":82115,"href":"https:\/\/blogdoedvaldomagalhaes.com.br\/index.php\/wp-json\/wp\/v2\/posts\/82113\/revisions\/82115"}],"wp:featuredmedia":[{"embeddable":true,"href":"https:\/\/blogdoedvaldomagalhaes.com.br\/index.php\/wp-json\/wp\/v2\/media\/82114"}],"wp:attachment":[{"href":"https:\/\/blogdoedvaldomagalhaes.com.br\/index.php\/wp-json\/wp\/v2\/media?parent=82113"}],"wp:term":[{"taxonomy":"category","embeddable":true,"href":"https:\/\/blogdoedvaldomagalhaes.com.br\/index.php\/wp-json\/wp\/v2\/categories?post=82113"},{"taxonomy":"post_tag","embeddable":true,"href":"https:\/\/blogdoedvaldomagalhaes.com.br\/index.php\/wp-json\/wp\/v2\/tags?post=82113"}],"curies":[{"name":"wp","href":"https:\/\/api.w.org\/{rel}","templated":true}]}}