{"id":82110,"date":"2022-04-11T22:36:41","date_gmt":"2022-04-12T01:36:41","guid":{"rendered":"https:\/\/blogdoedvaldomagalhaes.com.br\/?p=82110"},"modified":"2022-04-11T22:36:42","modified_gmt":"2022-04-12T01:36:42","slug":"campanha-lava-pes-faz-alerta-para-os-diabeticos-em-caruaru-nesta-terca-12","status":"publish","type":"post","link":"https:\/\/blogdoedvaldomagalhaes.com.br\/index.php\/2022\/04\/11\/campanha-lava-pes-faz-alerta-para-os-diabeticos-em-caruaru-nesta-terca-12\/","title":{"rendered":"Campanha Lava-p\u00e9s faz alerta para os diab\u00e9ticos em Caruaru, nesta ter\u00e7a (12)"},"content":{"rendered":"<p style=\"text-align: justify;\"><span style=\"font-size: inherit;\">A Secretaria de Sa\u00fade, realiza, at\u00e9 esta ter\u00e7a-feira (12), a Campanha Lava-p\u00e9s 2022. A a\u00e7\u00e3o acontece nas Unidades B\u00e1sicas de Sa\u00fade, das 8h \u00e0s 16h, e \u00e9 voltada para orienta\u00e7\u00f5es e cuidados com os p\u00e9s dos diab\u00e9ticos, fazendo alus\u00e3o \u00e0 Semana Santa e \u00e0 preven\u00e7\u00e3o de amputa\u00e7\u00f5es por causa da doen\u00e7a. J\u00e1 no dia 13 de abril acontecer\u00e1 o dia \u2018D\u2019 da a\u00e7\u00e3o, que ir\u00e1 ocorrer em dois locais, das 8h \u00e0s 12h: Via Parque (no trecho do INSS) e a Pra\u00e7a do Ros\u00e1rio.<\/span><\/p>\n<p style=\"text-align: justify;\">Na ocasi\u00e3o, os pacientes poder\u00e3o fazer avalia\u00e7\u00f5es do p\u00e9 diab\u00e9tico e antropom\u00e9trica, ter orienta\u00e7\u00f5es alimentares, de sa\u00fade bucal e sobre o uso de medica\u00e7\u00f5es, bem como aferir a press\u00e3o arterial e verificar a glicemia capilar. &#8220;Estamos intensificando esse cuidado com a campanha Lava-p\u00e9s, tendo como base a Semana Santa, por\u00e9m o atendimento seguir\u00e1 durante todo o m\u00eas nas Unidades de Sa\u00fade da Fam\u00edlia do munic\u00edpio&#8221;, explicou a secret\u00e1ria de Sa\u00fade, B\u00e1rbara Flor\u00eancio.<\/p>\n<p style=\"text-align: justify;\">Segundo dados do Atlas do Diabetes, divulgado pela Federa\u00e7\u00e3o Internacional de Diabetes (IDF, na sigla em ingl\u00eas), nos \u00faltimos dez anos houve um aumento de 26,61% no n\u00famero de pessoas vivendo com a doen\u00e7a no Brasil. A Sociedade Brasileira de Diabetes (SBD) tamb\u00e9m alertou, recentemente, para o avan\u00e7o de casos na popula\u00e7\u00e3o brasileira, principalmente entre as mulheres.<\/p>\n<p style=\"text-align: justify;\">De acordo com a m\u00e9dica consultora do N\u00facleo de Educa\u00e7\u00e3o Permanente da Secretaria de Sa\u00fade de Caruaru, Carolina Paz, a alta incid\u00eancia da doen\u00e7a no Brasil est\u00e1 diretamente relacionada \u00e0 obesidade causada, muitas vezes, por alimenta\u00e7\u00e3o de baixa qualidade associada ao sedentarismo. \u201c\u00c9 urgente e necess\u00e1rio estabelecer uma cultura de prazer e bem-estar ligada \u00e0 alimenta\u00e7\u00e3o saud\u00e1vel e \u00e0 pr\u00e1tica de atividade f\u00edsica regular para a preven\u00e7\u00e3o da diabetes. S\u00f3 com a inclus\u00e3o dessas pr\u00e1ticas na nossa rotina \u00e9 que poderemos mudar esse cen\u00e1rio\u201d, disse.<\/p>\n<p style=\"text-align: justify;\">Foto: Jana\u00edna Pepeu.<\/p>\n","protected":false},"excerpt":{"rendered":"<p>A Secretaria de Sa\u00fade, realiza, at\u00e9 esta ter\u00e7a-feira (12), a Campanha Lava-p\u00e9s 2022. A a\u00e7\u00e3o acontece nas Unidades B\u00e1sicas de&hellip;<\/p>\n","protected":false},"author":1,"featured_media":82111,"comment_status":"open","ping_status":"open","sticky":false,"template":"","format":"standard","meta":{"footnotes":""},"categories":[14120],"tags":[2,19532,24402,3406],"class_list":["post-82110","post","type-post","status-publish","format-standard","has-post-thumbnail","hentry","category-noticias","tag-blog-do-edvaldo-magalhaes","tag-blog-mais-acessado-e-visualizado-de-caruaru-e-regiao","tag-campanha-lava-pes-faz-alerta-para-os-diabeticos-em-caruaru-nesta-terca-12","tag-caruaru"],"_links":{"self":[{"href":"https:\/\/blogdoedvaldomagalhaes.com.br\/index.php\/wp-json\/wp\/v2\/posts\/82110","targetHints":{"allow":["GET"]}}],"collection":[{"href":"https:\/\/blogdoedvaldomagalhaes.com.br\/index.php\/wp-json\/wp\/v2\/posts"}],"about":[{"href":"https:\/\/blogdoedvaldomagalhaes.com.br\/index.php\/wp-json\/wp\/v2\/types\/post"}],"author":[{"embeddable":true,"href":"https:\/\/blogdoedvaldomagalhaes.com.br\/index.php\/wp-json\/wp\/v2\/users\/1"}],"replies":[{"embeddable":true,"href":"https:\/\/blogdoedvaldomagalhaes.com.br\/index.php\/wp-json\/wp\/v2\/comments?post=82110"}],"version-history":[{"count":1,"href":"https:\/\/blogdoedvaldomagalhaes.com.br\/index.php\/wp-json\/wp\/v2\/posts\/82110\/revisions"}],"predecessor-version":[{"id":82112,"href":"https:\/\/blogdoedvaldomagalhaes.com.br\/index.php\/wp-json\/wp\/v2\/posts\/82110\/revisions\/82112"}],"wp:featuredmedia":[{"embeddable":true,"href":"https:\/\/blogdoedvaldomagalhaes.com.br\/index.php\/wp-json\/wp\/v2\/media\/82111"}],"wp:attachment":[{"href":"https:\/\/blogdoedvaldomagalhaes.com.br\/index.php\/wp-json\/wp\/v2\/media?parent=82110"}],"wp:term":[{"taxonomy":"category","embeddable":true,"href":"https:\/\/blogdoedvaldomagalhaes.com.br\/index.php\/wp-json\/wp\/v2\/categories?post=82110"},{"taxonomy":"post_tag","embeddable":true,"href":"https:\/\/blogdoedvaldomagalhaes.com.br\/index.php\/wp-json\/wp\/v2\/tags?post=82110"}],"curies":[{"name":"wp","href":"https:\/\/api.w.org\/{rel}","templated":true}]}}