{"id":82103,"date":"2022-04-11T21:12:40","date_gmt":"2022-04-12T00:12:40","guid":{"rendered":"https:\/\/blogdoedvaldomagalhaes.com.br\/?p=82103"},"modified":"2022-04-11T21:12:41","modified_gmt":"2022-04-12T00:12:41","slug":"caruaru-tem-novas-viaturas-de-operacao-de-transito","status":"publish","type":"post","link":"https:\/\/blogdoedvaldomagalhaes.com.br\/index.php\/2022\/04\/11\/caruaru-tem-novas-viaturas-de-operacao-de-transito\/","title":{"rendered":"Caruaru tem novas viaturas de opera\u00e7\u00e3o de tr\u00e2nsito"},"content":{"rendered":"<p style=\"text-align: justify;\"><span style=\"font-size: inherit;\">Nesta segunda-feira (11), o prefeito Rodrigo Pinheiro, juntamente com a Autarquia de Mobilidade, Transito e Transportes de Caruaru (AMTTC), realizou a entrega de novas viaturas de opera\u00e7\u00e3o de tr\u00e2nsito para a Capital do Agreste. &#8220;Essa renova\u00e7\u00e3o de frota estar\u00e1 ofertando \u00e0 popula\u00e7\u00e3o uma melhoria no servi\u00e7o desenvolvido e mais qualidade de vida para os servidores. Todos os equipamentos servir\u00e3o para garantir mais mobilidade para Caruaru&#8221;, destacou o prefeito Rodrigo Pinheiro.<\/span><\/p>\n<p style=\"text-align: justify;\">Al\u00e9m da renova\u00e7\u00e3o da frota, moto-viaturas foram adquiras para facilitar e agilizar o trabalho de fiscaliza\u00e7\u00e3o da equipe da AMTTC, bem como um drone, otimizando o levantamento de informa\u00e7\u00f5es acerca do sistema vi\u00e1rio municipal por meio de imagens a\u00e9reas da cidade.<\/p>\n<p style=\"text-align: justify;\">&#8220;Esses novos equipamentos ser\u00e3o de extrema import\u00e2ncia para os trabalhos desenvolvidos pela autarquia. Estaremos inovando e utilizando as imagens do drone para a elabora\u00e7\u00e3o de projetos, possibilitando melhorias no tr\u00e2nsito de nossa cidade&#8221;, complementou o presidente da AMTTC, Matheus Freitas.<\/p>\n<p style=\"text-align: justify;\">A AMTTC ainda refor\u00e7a que, caso seja necess\u00e1rio, a popula\u00e7\u00e3o pode resolver demandas de emerg\u00eancia relativas ao tr\u00e2nsito entrando em contato por meio do telefone 118.<\/p>\n\n\n<figure class=\"wp-block-image size-large\"><img loading=\"lazy\" decoding=\"async\" width=\"1024\" height=\"683\" src=\"https:\/\/blogdoedvaldomagalhaes.com.br\/wp-content\/uploads\/2022\/04\/IMG-20220411-WA0324-1024x683.jpg\" alt=\"\" class=\"wp-image-82105\" srcset=\"https:\/\/blogdoedvaldomagalhaes.com.br\/wp-content\/uploads\/2022\/04\/IMG-20220411-WA0324-1024x683.jpg 1024w, https:\/\/blogdoedvaldomagalhaes.com.br\/wp-content\/uploads\/2022\/04\/IMG-20220411-WA0324-300x200.jpg 300w, https:\/\/blogdoedvaldomagalhaes.com.br\/wp-content\/uploads\/2022\/04\/IMG-20220411-WA0324-768x512.jpg 768w, https:\/\/blogdoedvaldomagalhaes.com.br\/wp-content\/uploads\/2022\/04\/IMG-20220411-WA0324-1536x1024.jpg 1536w, https:\/\/blogdoedvaldomagalhaes.com.br\/wp-content\/uploads\/2022\/04\/IMG-20220411-WA0324.jpg 1599w\" sizes=\"auto, (max-width: 1024px) 100vw, 1024px\" \/><figcaption>Fotos: Elvis \u00c9dson<\/figcaption><\/figure>\n","protected":false},"excerpt":{"rendered":"<p>Nesta segunda-feira (11), o prefeito Rodrigo Pinheiro, juntamente com a Autarquia de Mobilidade, Transito e Transportes de Caruaru (AMTTC), realizou&hellip;<\/p>\n","protected":false},"author":1,"featured_media":82104,"comment_status":"open","ping_status":"open","sticky":false,"template":"","format":"standard","meta":{"footnotes":""},"categories":[14120],"tags":[2,19532,3406,24401],"class_list":["post-82103","post","type-post","status-publish","format-standard","has-post-thumbnail","hentry","category-noticias","tag-blog-do-edvaldo-magalhaes","tag-blog-mais-acessado-e-visualizado-de-caruaru-e-regiao","tag-caruaru","tag-caruaru-tem-novas-viaturas-de-operacao-de-transito"],"_links":{"self":[{"href":"https:\/\/blogdoedvaldomagalhaes.com.br\/index.php\/wp-json\/wp\/v2\/posts\/82103","targetHints":{"allow":["GET"]}}],"collection":[{"href":"https:\/\/blogdoedvaldomagalhaes.com.br\/index.php\/wp-json\/wp\/v2\/posts"}],"about":[{"href":"https:\/\/blogdoedvaldomagalhaes.com.br\/index.php\/wp-json\/wp\/v2\/types\/post"}],"author":[{"embeddable":true,"href":"https:\/\/blogdoedvaldomagalhaes.com.br\/index.php\/wp-json\/wp\/v2\/users\/1"}],"replies":[{"embeddable":true,"href":"https:\/\/blogdoedvaldomagalhaes.com.br\/index.php\/wp-json\/wp\/v2\/comments?post=82103"}],"version-history":[{"count":1,"href":"https:\/\/blogdoedvaldomagalhaes.com.br\/index.php\/wp-json\/wp\/v2\/posts\/82103\/revisions"}],"predecessor-version":[{"id":82106,"href":"https:\/\/blogdoedvaldomagalhaes.com.br\/index.php\/wp-json\/wp\/v2\/posts\/82103\/revisions\/82106"}],"wp:featuredmedia":[{"embeddable":true,"href":"https:\/\/blogdoedvaldomagalhaes.com.br\/index.php\/wp-json\/wp\/v2\/media\/82104"}],"wp:attachment":[{"href":"https:\/\/blogdoedvaldomagalhaes.com.br\/index.php\/wp-json\/wp\/v2\/media?parent=82103"}],"wp:term":[{"taxonomy":"category","embeddable":true,"href":"https:\/\/blogdoedvaldomagalhaes.com.br\/index.php\/wp-json\/wp\/v2\/categories?post=82103"},{"taxonomy":"post_tag","embeddable":true,"href":"https:\/\/blogdoedvaldomagalhaes.com.br\/index.php\/wp-json\/wp\/v2\/tags?post=82103"}],"curies":[{"name":"wp","href":"https:\/\/api.w.org\/{rel}","templated":true}]}}