{"id":82100,"date":"2022-04-11T20:55:33","date_gmt":"2022-04-11T23:55:33","guid":{"rendered":"https:\/\/blogdoedvaldomagalhaes.com.br\/?p=82100"},"modified":"2022-04-11T20:55:34","modified_gmt":"2022-04-11T23:55:34","slug":"servicos-de-saude-animal-sao-ofertados-no-bairro-rendeiras-nesta-terca-12","status":"publish","type":"post","link":"https:\/\/blogdoedvaldomagalhaes.com.br\/index.php\/2022\/04\/11\/servicos-de-saude-animal-sao-ofertados-no-bairro-rendeiras-nesta-terca-12\/","title":{"rendered":"Servi\u00e7os de sa\u00fade animal s\u00e3o ofertados no bairro Rendeiras nesta ter\u00e7a (12)"},"content":{"rendered":"<p style=\"text-align: justify;\"><span style=\"font-size: inherit;\">A Secretaria de Sa\u00fade, em parceria com a AME Animal, vai oferecer, nesta ter\u00e7a-feira (12), das 8h \u00e0s 12h, servi\u00e7os de sa\u00fade animal para os pets que residem no Bairro das Rendeiras. As a\u00e7\u00f5es estar\u00e3o \u00e0 disposi\u00e7\u00e3o da popula\u00e7\u00e3o ao lado do Casar\u00e3o, onde funciona a sede da Associa\u00e7\u00e3o dos Moradores.<\/span><\/p>\n<p style=\"text-align: justify;\">Na ocasi\u00e3o, ser\u00e3o ofertadas consultas e orienta\u00e7\u00f5es, bem como vacina antirr\u00e1bica (para os pets que n\u00e3o tomaram a imuniza\u00e7\u00e3o durante a campanha; aqueles que j\u00e1 tomaram n\u00e3o precisam de nova dose) e teste para leishmaniose.<\/p>\n<p style=\"text-align: justify;\">De acordo com os dados coletados pela Comiss\u00e3o de Animais de Companhia (Comac), 84% dos gatos\u00a0e 54% dos c\u00e3es residentes nos lares brasileiros s\u00e3o provenientes de ado\u00e7\u00e3o. No Brasil, uma pr\u00e1tica comum \u00e9 que os tutores recebam pets como presente. \u00c9 o que aponta a porcentagem de caninos (44%) e de felinos (31%), que foram presenteados.<\/p>\n<p style=\"text-align: justify;\">\u201cMuitas doen\u00e7as podem ser evitadas com orienta\u00e7\u00f5es e os cuidados certos com os pets. \u00c9 preciso lembrar que os c\u00e3es e os gatos s\u00e3o seres vivos dependentes e necessitam de dedica\u00e7\u00e3o e cuidado. S\u00f3 assim \u00e9 poss\u00edvel uma conviv\u00eancia mais saud\u00e1vel com toda a fam\u00edlia\u201d, disse o gerente de Vigil\u00e2ncia Ambiental, S\u00e9rgio Henrique Fran\u00e7a.<\/p>\n<p style=\"text-align: justify;\">Foto: Divulga\u00e7\u00e3o\/SEIC<\/p>\n","protected":false},"excerpt":{"rendered":"<p>A Secretaria de Sa\u00fade, em parceria com a AME Animal, vai oferecer, nesta ter\u00e7a-feira (12), das 8h \u00e0s 12h, servi\u00e7os&hellip;<\/p>\n","protected":false},"author":1,"featured_media":82101,"comment_status":"open","ping_status":"open","sticky":false,"template":"","format":"standard","meta":{"footnotes":""},"categories":[14120],"tags":[2,19532,3406,24400],"class_list":["post-82100","post","type-post","status-publish","format-standard","has-post-thumbnail","hentry","category-noticias","tag-blog-do-edvaldo-magalhaes","tag-blog-mais-acessado-e-visualizado-de-caruaru-e-regiao","tag-caruaru","tag-servicos-de-saude-animal-sao-ofertados-no-bairro-rendeiras-nesta-terca-12"],"_links":{"self":[{"href":"https:\/\/blogdoedvaldomagalhaes.com.br\/index.php\/wp-json\/wp\/v2\/posts\/82100","targetHints":{"allow":["GET"]}}],"collection":[{"href":"https:\/\/blogdoedvaldomagalhaes.com.br\/index.php\/wp-json\/wp\/v2\/posts"}],"about":[{"href":"https:\/\/blogdoedvaldomagalhaes.com.br\/index.php\/wp-json\/wp\/v2\/types\/post"}],"author":[{"embeddable":true,"href":"https:\/\/blogdoedvaldomagalhaes.com.br\/index.php\/wp-json\/wp\/v2\/users\/1"}],"replies":[{"embeddable":true,"href":"https:\/\/blogdoedvaldomagalhaes.com.br\/index.php\/wp-json\/wp\/v2\/comments?post=82100"}],"version-history":[{"count":1,"href":"https:\/\/blogdoedvaldomagalhaes.com.br\/index.php\/wp-json\/wp\/v2\/posts\/82100\/revisions"}],"predecessor-version":[{"id":82102,"href":"https:\/\/blogdoedvaldomagalhaes.com.br\/index.php\/wp-json\/wp\/v2\/posts\/82100\/revisions\/82102"}],"wp:featuredmedia":[{"embeddable":true,"href":"https:\/\/blogdoedvaldomagalhaes.com.br\/index.php\/wp-json\/wp\/v2\/media\/82101"}],"wp:attachment":[{"href":"https:\/\/blogdoedvaldomagalhaes.com.br\/index.php\/wp-json\/wp\/v2\/media?parent=82100"}],"wp:term":[{"taxonomy":"category","embeddable":true,"href":"https:\/\/blogdoedvaldomagalhaes.com.br\/index.php\/wp-json\/wp\/v2\/categories?post=82100"},{"taxonomy":"post_tag","embeddable":true,"href":"https:\/\/blogdoedvaldomagalhaes.com.br\/index.php\/wp-json\/wp\/v2\/tags?post=82100"}],"curies":[{"name":"wp","href":"https:\/\/api.w.org\/{rel}","templated":true}]}}