{"id":8210,"date":"2016-09-23T19:47:00","date_gmt":"2016-09-23T22:47:00","guid":{"rendered":"http:\/\/blogdoedvaldomagalhaes.com.br\/index.php\/2016\/09\/23\/governador-entrega-viaturas-para-o-4\/"},"modified":"2019-02-09T01:00:12","modified_gmt":"2019-02-09T03:00:12","slug":"governador-entrega-viaturas-para-o-4","status":"publish","type":"post","link":"https:\/\/blogdoedvaldomagalhaes.com.br\/index.php\/2016\/09\/23\/governador-entrega-viaturas-para-o-4\/","title":{"rendered":"Governador entrega viaturas para o 4\u00ba BMP da PMPE em Caruaru"},"content":{"rendered":"<div class=\"separator\" style=\"clear: both; text-align: center;\">\n<a href=\"https:\/\/1.bp.blogspot.com\/-P525-aA2OJA\/V-WGWfUliLI\/AAAAAAAAG3Q\/2gd7KuFBbWMtI2CDeACgYyPKsBibLDKywCLcB\/s1600\/paulo%2B1.jpg\" imageanchor=\"1\" style=\"margin-left: 1em; margin-right: 1em;\"><img loading=\"lazy\" decoding=\"async\" border=\"0\" height=\"225\" src=\"http:\/\/blogdoedvaldomagalhaes.com.br\/wp-content\/uploads\/2016\/09\/paulo1.jpg\" width=\"400\" \/><\/a><\/div>\n<p><\/p>\n<div class=\"separator\" style=\"clear: both; text-align: center;\">\n<a href=\"https:\/\/1.bp.blogspot.com\/-P1VwxUJ89sA\/V-WGaOf0GgI\/AAAAAAAAG3U\/NtWReMRPTQcu100GY0K9_d1xzXk2-ZoPwCLcB\/s1600\/paulo%2B2.jpg\" imageanchor=\"1\" style=\"margin-left: 1em; margin-right: 1em;\"><img loading=\"lazy\" decoding=\"async\" border=\"0\" height=\"300\" src=\"http:\/\/blogdoedvaldomagalhaes.com.br\/wp-content\/uploads\/2016\/09\/paulo2.jpg\" width=\"400\" \/><\/a><\/div>\n<p><\/p>\n<div class=\"separator\" style=\"clear: both; text-align: center;\">\n<a href=\"https:\/\/4.bp.blogspot.com\/-obV2C3ukhZQ\/V-WGcpLAOcI\/AAAAAAAAG3Y\/yrgoi5eNHxI1GWOJiS39n-p9xZ5rgbXgACLcB\/s1600\/paulo%2B3.jpg\" imageanchor=\"1\" style=\"margin-left: 1em; margin-right: 1em;\"><img loading=\"lazy\" decoding=\"async\" border=\"0\" height=\"300\" src=\"http:\/\/blogdoedvaldomagalhaes.com.br\/wp-content\/uploads\/2016\/09\/paulo3.jpg\" width=\"400\" \/><\/a><\/div>\n<p><\/p>\n<div class=\"separator\" style=\"clear: both; text-align: center;\">\n<a href=\"https:\/\/3.bp.blogspot.com\/-iPZCHeP5dC0\/V-WGekBaw0I\/AAAAAAAAG3c\/QzRhIlKl-3E9dkCWQa2C_uIqUU00JGjdgCLcB\/s1600\/paulo%2B5.jpg\" imageanchor=\"1\" style=\"margin-left: 1em; margin-right: 1em;\"><img loading=\"lazy\" decoding=\"async\" border=\"0\" height=\"300\" src=\"http:\/\/blogdoedvaldomagalhaes.com.br\/wp-content\/uploads\/2016\/09\/paulo5.jpg\" width=\"400\" \/><\/a><\/div>\n<p><\/p>\n<div class=\"separator\" style=\"clear: both; text-align: center;\">\n<a href=\"https:\/\/4.bp.blogspot.com\/-4-DY3zo99so\/V-WGgwb13FI\/AAAAAAAAG3g\/zjoZadeBIUkZwmjU6-ZIi44aZcL2vBfCwCLcB\/s1600\/paulo%2B6.jpg\" imageanchor=\"1\" style=\"margin-left: 1em; margin-right: 1em;\"><img loading=\"lazy\" decoding=\"async\" border=\"0\" height=\"225\" src=\"http:\/\/blogdoedvaldomagalhaes.com.br\/wp-content\/uploads\/2016\/09\/paulo6.jpg\" width=\"400\" \/><\/a><\/div>\n<div class=\"separator\" style=\"clear: both; text-align: center;\">\nFotos: Berg Santos<\/div>\n<div class=\"separator\" style=\"clear: both; text-align: center;\">\n<\/div>\n<div style=\"text-align: justify;\">\n<\/div>\n<div style=\"text-align: justify;\">\nO Governador de Pernambuco, Paulo C\u00e2mara (PSB), esteve em Caruaru nesta sexta-feira (23). C\u00e2mara entregou 19 viaturas ao 4\u00ba BPM da &nbsp;Pol\u00edcia Militar. A solenidade de entrega aconteceu na manh\u00e3 desta sexta-feira (23), em frente a Associa\u00e7\u00e3o Comercial e Empresarial de Caruaru (Acic), na rua Armindo Tavares, no bairro Maur\u00edcio de Nassau.&nbsp;Do total de ve\u00edculos &#8211; todos do modelo Spin 1.8, da Chevrolet -, oito ser\u00e3o em substitui\u00e7\u00e3o \u00e0s Guarni\u00e7\u00f5es T\u00e1ticas. Outros dez servir\u00e3o \u00e0s Patrulhas do Bairro. Na ocasi\u00e3o, o munic\u00edpio de Riacho das Almas tamb\u00e9m recebeu uma nova viatura. O investimento mensal para a reposi\u00e7\u00e3o ser\u00e1 de R$ 50,3 mil.&nbsp;<\/p>\n<p>\nO governo do estado vai investir R$ 64,7 milh\u00f5es at\u00e9 novembro deste ano, e mil viaturas devem ser substitu\u00eddas.<\/div>\n","protected":false},"excerpt":{"rendered":"<p>Fotos: Berg Santos O Governador de Pernambuco, Paulo C\u00e2mara (PSB), esteve em Caruaru nesta sexta-feira (23). C\u00e2mara entregou 19 viaturas&hellip;<\/p>\n","protected":false},"author":1,"featured_media":0,"comment_status":"open","ping_status":"open","sticky":false,"template":"","format":"standard","meta":{"footnotes":""},"categories":[1],"tags":[1512,2,12118,1479,999,13,381,3678],"class_list":["post-8210","post","type-post","status-publish","format-standard","hentry","category-sem-categoria","tag-acic","tag-blog-do-edvaldo-magalhaes","tag-governador-entrega-viaturas-para-o-4o-bmp-da-pmpe-em-caruaru","tag-noticias-policiais","tag-paulo-camara","tag-policial","tag-psb","tag-riacho-das-almas"],"_links":{"self":[{"href":"https:\/\/blogdoedvaldomagalhaes.com.br\/index.php\/wp-json\/wp\/v2\/posts\/8210","targetHints":{"allow":["GET"]}}],"collection":[{"href":"https:\/\/blogdoedvaldomagalhaes.com.br\/index.php\/wp-json\/wp\/v2\/posts"}],"about":[{"href":"https:\/\/blogdoedvaldomagalhaes.com.br\/index.php\/wp-json\/wp\/v2\/types\/post"}],"author":[{"embeddable":true,"href":"https:\/\/blogdoedvaldomagalhaes.com.br\/index.php\/wp-json\/wp\/v2\/users\/1"}],"replies":[{"embeddable":true,"href":"https:\/\/blogdoedvaldomagalhaes.com.br\/index.php\/wp-json\/wp\/v2\/comments?post=8210"}],"version-history":[{"count":1,"href":"https:\/\/blogdoedvaldomagalhaes.com.br\/index.php\/wp-json\/wp\/v2\/posts\/8210\/revisions"}],"predecessor-version":[{"id":12662,"href":"https:\/\/blogdoedvaldomagalhaes.com.br\/index.php\/wp-json\/wp\/v2\/posts\/8210\/revisions\/12662"}],"wp:attachment":[{"href":"https:\/\/blogdoedvaldomagalhaes.com.br\/index.php\/wp-json\/wp\/v2\/media?parent=8210"}],"wp:term":[{"taxonomy":"category","embeddable":true,"href":"https:\/\/blogdoedvaldomagalhaes.com.br\/index.php\/wp-json\/wp\/v2\/categories?post=8210"},{"taxonomy":"post_tag","embeddable":true,"href":"https:\/\/blogdoedvaldomagalhaes.com.br\/index.php\/wp-json\/wp\/v2\/tags?post=8210"}],"curies":[{"name":"wp","href":"https:\/\/api.w.org\/{rel}","templated":true}]}}