{"id":821,"date":"2018-11-02T13:57:00","date_gmt":"2018-11-02T15:57:00","guid":{"rendered":"http:\/\/blogdoedvaldomagalhaes.com.br\/index.php\/2018\/11\/02\/1-biesp-prende-homem-com-arma-em-caruaru\/"},"modified":"2019-02-09T02:38:01","modified_gmt":"2019-02-09T04:38:01","slug":"1-biesp-prende-homem-com-arma-em-caruaru","status":"publish","type":"post","link":"https:\/\/blogdoedvaldomagalhaes.com.br\/index.php\/2018\/11\/02\/1-biesp-prende-homem-com-arma-em-caruaru\/","title":{"rendered":"1\u00b0 BIEsp prende homem com arma em Caruaru"},"content":{"rendered":"<div class=\"separator\" style=\"clear: both; text-align: center;\">\n<a href=\"https:\/\/4.bp.blogspot.com\/-YyQTjzkYGLQ\/W9xXY81kitI\/AAAAAAAA81Q\/M5zyxzxhOcgXExkeU3-grXVpF_dmnFx-wCLcBGAs\/s1600\/IMG-20181102-WA0041.jpg\" imageanchor=\"1\" style=\"margin-left: 1em; margin-right: 1em;\"><img loading=\"lazy\" decoding=\"async\" border=\"0\" data-original-height=\"176\" data-original-width=\"412\" height=\"271\" src=\"http:\/\/blogdoedvaldomagalhaes.com.br\/wp-content\/uploads\/2018\/11\/IMG-20181102-WA0041.jpg\" width=\"640\" \/><\/a><\/div>\n<p><\/p>\n<div style=\"text-align: justify;\">\nPoliciais Militares do 1\u00ba Batalh\u00e3o Integrado Especializado (BIEsp), prenderam, ontem (1), um homem e apreendeu uma pistola calibre 22 e 19 muni\u00e7\u00f5es. A a\u00e7\u00e3o foi no bairro S\u00e3o Jo\u00e3o da Esc\u00f3cia, em Caruaru.<\/div>\n<div style=\"text-align: justify;\">\n<\/div>\n<div style=\"text-align: justify;\">\nA equipe realizava rondas na regi\u00e3o, quando recebeu informa\u00e7\u00f5es do servi\u00e7o de intelig\u00eancia sobre um homem portando uma arma de fogo. No local, os PMs realizaram a abordagem e encontraram a arma. A ocorr\u00eancia foi encaminhada para a Delegacia para que fossem tomadas as medidas cab\u00edveis.<\/div>\n","protected":false},"excerpt":{"rendered":"<p>Policiais Militares do 1\u00ba Batalh\u00e3o Integrado Especializado (BIEsp), prenderam, ontem (1), um homem e apreendeu uma pistola calibre 22 e&hellip;<\/p>\n","protected":false},"author":1,"featured_media":0,"comment_status":"open","ping_status":"open","sticky":false,"template":"","format":"standard","meta":{"footnotes":""},"categories":[1],"tags":[2,13],"class_list":["post-821","post","type-post","status-publish","format-standard","hentry","category-sem-categoria","tag-blog-do-edvaldo-magalhaes","tag-policial"],"_links":{"self":[{"href":"https:\/\/blogdoedvaldomagalhaes.com.br\/index.php\/wp-json\/wp\/v2\/posts\/821","targetHints":{"allow":["GET"]}}],"collection":[{"href":"https:\/\/blogdoedvaldomagalhaes.com.br\/index.php\/wp-json\/wp\/v2\/posts"}],"about":[{"href":"https:\/\/blogdoedvaldomagalhaes.com.br\/index.php\/wp-json\/wp\/v2\/types\/post"}],"author":[{"embeddable":true,"href":"https:\/\/blogdoedvaldomagalhaes.com.br\/index.php\/wp-json\/wp\/v2\/users\/1"}],"replies":[{"embeddable":true,"href":"https:\/\/blogdoedvaldomagalhaes.com.br\/index.php\/wp-json\/wp\/v2\/comments?post=821"}],"version-history":[{"count":1,"href":"https:\/\/blogdoedvaldomagalhaes.com.br\/index.php\/wp-json\/wp\/v2\/posts\/821\/revisions"}],"predecessor-version":[{"id":35483,"href":"https:\/\/blogdoedvaldomagalhaes.com.br\/index.php\/wp-json\/wp\/v2\/posts\/821\/revisions\/35483"}],"wp:attachment":[{"href":"https:\/\/blogdoedvaldomagalhaes.com.br\/index.php\/wp-json\/wp\/v2\/media?parent=821"}],"wp:term":[{"taxonomy":"category","embeddable":true,"href":"https:\/\/blogdoedvaldomagalhaes.com.br\/index.php\/wp-json\/wp\/v2\/categories?post=821"},{"taxonomy":"post_tag","embeddable":true,"href":"https:\/\/blogdoedvaldomagalhaes.com.br\/index.php\/wp-json\/wp\/v2\/tags?post=821"}],"curies":[{"name":"wp","href":"https:\/\/api.w.org\/{rel}","templated":true}]}}