{"id":82095,"date":"2022-04-11T18:50:19","date_gmt":"2022-04-11T21:50:19","guid":{"rendered":"https:\/\/blogdoedvaldomagalhaes.com.br\/?p=82095"},"modified":"2022-04-11T18:50:21","modified_gmt":"2022-04-11T21:50:21","slug":"projeto-de-lei-vai-garantir-livre-circulacao-de-voluntarios-em-acao-de-assistencia-a-pessoas-e-animais-em-vulnerabilidade","status":"publish","type":"post","link":"https:\/\/blogdoedvaldomagalhaes.com.br\/index.php\/2022\/04\/11\/projeto-de-lei-vai-garantir-livre-circulacao-de-voluntarios-em-acao-de-assistencia-a-pessoas-e-animais-em-vulnerabilidade\/","title":{"rendered":"Projeto de Lei vai garantir livre circula\u00e7\u00e3o de volunt\u00e1rios em a\u00e7\u00e3o de assist\u00eancia \u00e0 pessoas e animais em vulnerabilidade"},"content":{"rendered":"<p style=\"text-align: justify;\"><span style=\"font-size: inherit;\">De autoria do vereador Fagner Fernandes (PDT), foi aprovado na C\u00e2mara Municipal de Caruaru o Projeto de Lei (n\u2070 8.778\/21) que assegura a livre circula\u00e7\u00e3o de volunt\u00e1rios em a\u00e7\u00e3o individual ou vinculada a alguma institui\u00e7\u00e3o para presta\u00e7\u00e3o de aux\u00edlio \u00e0 popula\u00e7\u00e3o e aos animais em situa\u00e7\u00e3o de rua.<\/span><\/p>\n<p style=\"text-align: justify;\">De acordo com o parlamentar, todo cuidado animal e humano deve ser ofertado em qualquer \u00e9poca. &#8220;Muitos protetores e volunt\u00e1rios s\u00e3o hostlizados ou at\u00e9 mesmo censurados neste direito que lhes \u00e9 assegurado. Por isso, se faz necess\u00e1rio a cria\u00e7\u00e3o de uma Lei, para que a popula\u00e7\u00e3o tenha conhecimento. Precisamos trabalhar para construir uma nova realidade para as pessoas e animais em situa\u00e7\u00e3o de rua da nossa cidade. Com a aprova\u00e7\u00e3o do PL, daremos mais assist\u00eancia \u00e0 quem precisa&#8221;, explicou Fagner.<\/p>\n<p style=\"text-align: justify;\">Segundo o texto, os volunt\u00e1rios ter\u00e3o livre circula\u00e7\u00e3o para oferecer assist\u00eancia m\u00e9dica (terap\u00eautica e veterin\u00e1ria); promo\u00e7\u00e3o da sa\u00fade e cuidados de higiene; fornecimento de alimentos, assegurando a limpeza do local, pelo protetor, ap\u00f3s a a\u00e7\u00e3o volunt\u00e1ria; acolhimento e abrigamento; e fornecimento de roupas e agasalhos.<\/p>\n<p style=\"text-align: justify;\">O PL segue para san\u00e7\u00e3o do Poder Executivo.<\/p>\n","protected":false},"excerpt":{"rendered":"<p>De autoria do vereador Fagner Fernandes (PDT), foi aprovado na C\u00e2mara Municipal de Caruaru o Projeto de Lei (n\u2070 8.778\/21)&hellip;<\/p>\n","protected":false},"author":1,"featured_media":82096,"comment_status":"open","ping_status":"open","sticky":false,"template":"","format":"standard","meta":{"footnotes":""},"categories":[14122],"tags":[2,19532,3406,20,24399],"class_list":["post-82095","post","type-post","status-publish","format-standard","has-post-thumbnail","hentry","category-politica","tag-blog-do-edvaldo-magalhaes","tag-blog-mais-acessado-e-visualizado-de-caruaru-e-regiao","tag-caruaru","tag-politica","tag-projeto-de-lei-vai-garantir-livre-circulacao-de-voluntarios-em-acao-de-assistencia-a-pessoas-e-animais-em-vulnerabilidade"],"_links":{"self":[{"href":"https:\/\/blogdoedvaldomagalhaes.com.br\/index.php\/wp-json\/wp\/v2\/posts\/82095","targetHints":{"allow":["GET"]}}],"collection":[{"href":"https:\/\/blogdoedvaldomagalhaes.com.br\/index.php\/wp-json\/wp\/v2\/posts"}],"about":[{"href":"https:\/\/blogdoedvaldomagalhaes.com.br\/index.php\/wp-json\/wp\/v2\/types\/post"}],"author":[{"embeddable":true,"href":"https:\/\/blogdoedvaldomagalhaes.com.br\/index.php\/wp-json\/wp\/v2\/users\/1"}],"replies":[{"embeddable":true,"href":"https:\/\/blogdoedvaldomagalhaes.com.br\/index.php\/wp-json\/wp\/v2\/comments?post=82095"}],"version-history":[{"count":1,"href":"https:\/\/blogdoedvaldomagalhaes.com.br\/index.php\/wp-json\/wp\/v2\/posts\/82095\/revisions"}],"predecessor-version":[{"id":82097,"href":"https:\/\/blogdoedvaldomagalhaes.com.br\/index.php\/wp-json\/wp\/v2\/posts\/82095\/revisions\/82097"}],"wp:featuredmedia":[{"embeddable":true,"href":"https:\/\/blogdoedvaldomagalhaes.com.br\/index.php\/wp-json\/wp\/v2\/media\/82096"}],"wp:attachment":[{"href":"https:\/\/blogdoedvaldomagalhaes.com.br\/index.php\/wp-json\/wp\/v2\/media?parent=82095"}],"wp:term":[{"taxonomy":"category","embeddable":true,"href":"https:\/\/blogdoedvaldomagalhaes.com.br\/index.php\/wp-json\/wp\/v2\/categories?post=82095"},{"taxonomy":"post_tag","embeddable":true,"href":"https:\/\/blogdoedvaldomagalhaes.com.br\/index.php\/wp-json\/wp\/v2\/tags?post=82095"}],"curies":[{"name":"wp","href":"https:\/\/api.w.org\/{rel}","templated":true}]}}