{"id":82092,"date":"2022-04-11T15:55:54","date_gmt":"2022-04-11T18:55:54","guid":{"rendered":"https:\/\/blogdoedvaldomagalhaes.com.br\/?p=82092"},"modified":"2022-04-11T15:55:54","modified_gmt":"2022-04-11T18:55:54","slug":"tony-gel-pede-ao-governo-pe-instalacao-de-posto-fixo-do-programa-balcao-de-direitos-em-caruaru","status":"publish","type":"post","link":"https:\/\/blogdoedvaldomagalhaes.com.br\/index.php\/2022\/04\/11\/tony-gel-pede-ao-governo-pe-instalacao-de-posto-fixo-do-programa-balcao-de-direitos-em-caruaru\/","title":{"rendered":"Tony Gel pede ao Governo-PE, instala\u00e7\u00e3o de posto fixo do Programa Balc\u00e3o de Direitos em Caruaru"},"content":{"rendered":"<p style=\"text-align: justify;\"><span style=\"font-size: inherit;\">O Deputado Estadual Tony Gel (PSB), solicitou ao Secret\u00e1rio Executivo de Direitos Humanos do Estado, esfor\u00e7os no sentido de que seja instalado um posto fixo do Programa Balc\u00e3o de Direitos, no munic\u00edpio de Caruaru.<\/span><\/p>\n<p style=\"text-align: justify;\">O parlamentar informou que o pedido se justifica pelo fato de Caruaru ser a maior cidade do Interior de Pernambuco e pela sua localiza\u00e7\u00e3o geogr\u00e1fica (Agreste Central), o que certamente beneficiaria outras localidades vizinhas.<\/p>\n<p style=\"text-align: justify;\">Tony Gel frisou ainda que trata-se de uma importante iniciativa que visa facilitar a emiss\u00e3o de segundas vias de certid\u00f5es de nascimento, casamento e \u00f3bito, dentre outros. E que o espa\u00e7o poderia tamb\u00e9m contar com a parceria de outras secretarias estaduais, como a Secretaria de Defesa Social, atrav\u00e9s do Instituto Tavares Buril, ofertando servi\u00e7os de documenta\u00e7\u00e3o b\u00e1sica, a exemplo da carteira de identidade.<\/p>\n<p style=\"text-align: justify;\">&#8220;Com o atendimento \u00e0 presente solicita\u00e7\u00e3o, estar\u00e1 o Governo do Estado, cumprindo um importante papel social de garantir aos cidad\u00e3os, especialmente aqueles que est\u00e3o em situa\u00e7\u00e3o de vulnerabilidade social, o acesso aos documentos ora citados, garantindo o direito a cidadania &#8221; disse o deputado de Caruaru.<\/p>\n","protected":false},"excerpt":{"rendered":"<p>O Deputado Estadual Tony Gel (PSB), solicitou ao Secret\u00e1rio Executivo de Direitos Humanos do Estado, esfor\u00e7os no sentido de que&hellip;<\/p>\n","protected":false},"author":1,"featured_media":82093,"comment_status":"open","ping_status":"open","sticky":false,"template":"","format":"standard","meta":{"footnotes":""},"categories":[14122],"tags":[2,19532,3406,24397],"class_list":["post-82092","post","type-post","status-publish","format-standard","has-post-thumbnail","hentry","category-politica","tag-blog-do-edvaldo-magalhaes","tag-blog-mais-acessado-e-visualizado-de-caruaru-e-regiao","tag-caruaru","tag-tony-gel-pede-ao-governo-pe-instalacao-de-posto-fixo-do-programa-balcao-de-direitos-em-caruaru"],"_links":{"self":[{"href":"https:\/\/blogdoedvaldomagalhaes.com.br\/index.php\/wp-json\/wp\/v2\/posts\/82092","targetHints":{"allow":["GET"]}}],"collection":[{"href":"https:\/\/blogdoedvaldomagalhaes.com.br\/index.php\/wp-json\/wp\/v2\/posts"}],"about":[{"href":"https:\/\/blogdoedvaldomagalhaes.com.br\/index.php\/wp-json\/wp\/v2\/types\/post"}],"author":[{"embeddable":true,"href":"https:\/\/blogdoedvaldomagalhaes.com.br\/index.php\/wp-json\/wp\/v2\/users\/1"}],"replies":[{"embeddable":true,"href":"https:\/\/blogdoedvaldomagalhaes.com.br\/index.php\/wp-json\/wp\/v2\/comments?post=82092"}],"version-history":[{"count":1,"href":"https:\/\/blogdoedvaldomagalhaes.com.br\/index.php\/wp-json\/wp\/v2\/posts\/82092\/revisions"}],"predecessor-version":[{"id":82094,"href":"https:\/\/blogdoedvaldomagalhaes.com.br\/index.php\/wp-json\/wp\/v2\/posts\/82092\/revisions\/82094"}],"wp:featuredmedia":[{"embeddable":true,"href":"https:\/\/blogdoedvaldomagalhaes.com.br\/index.php\/wp-json\/wp\/v2\/media\/82093"}],"wp:attachment":[{"href":"https:\/\/blogdoedvaldomagalhaes.com.br\/index.php\/wp-json\/wp\/v2\/media?parent=82092"}],"wp:term":[{"taxonomy":"category","embeddable":true,"href":"https:\/\/blogdoedvaldomagalhaes.com.br\/index.php\/wp-json\/wp\/v2\/categories?post=82092"},{"taxonomy":"post_tag","embeddable":true,"href":"https:\/\/blogdoedvaldomagalhaes.com.br\/index.php\/wp-json\/wp\/v2\/tags?post=82092"}],"curies":[{"name":"wp","href":"https:\/\/api.w.org\/{rel}","templated":true}]}}