{"id":82088,"date":"2022-04-11T15:27:50","date_gmt":"2022-04-11T18:27:50","guid":{"rendered":"https:\/\/blogdoedvaldomagalhaes.com.br\/?p=82088"},"modified":"2022-04-11T15:27:51","modified_gmt":"2022-04-11T18:27:51","slug":"festival-viva-vitalino-chega-a-7a-edicao-do-alto-do-moura","status":"publish","type":"post","link":"https:\/\/blogdoedvaldomagalhaes.com.br\/index.php\/2022\/04\/11\/festival-viva-vitalino-chega-a-7a-edicao-do-alto-do-moura\/","title":{"rendered":"Festival Viva Vitalino chega a 7\u00aa edi\u00e7\u00e3o do Alto do Moura"},"content":{"rendered":"<p style=\"text-align: justify;\"><span style=\"font-size: inherit;\">O Festival Viva Vitalino chega a sua 7\u00aa edi\u00e7\u00e3o entre os dias 17 e 24 de abril, no Alto do Moura, em Caruaru, ber\u00e7o da arte figurativa do Brasil. A abertura est\u00e1 agendada para as 16h do Domingo de P\u00e1scoa, na Casa Museu Mestre Vitalino, tendo como atra\u00e7\u00e3o banda de p\u00edfanos. Criado pelos produtores culturais Antonio Preggo e Yone Amorim, o evento sempre aconteceu no m\u00eas de julho, m\u00eas de anivers\u00e1rio de nascimento de Vitalino Pereira dos Santos, o Mestre Vitalino. Mas, que devido a pandemia, deixou de ser realizado nos \u00faltimos dois anos e agora precisou ser antecipado. Por\u00e9m, sem perder o brilho nem sua ess\u00eancia, que \u00e9 de prestar homenagem ao mestre do barro, nascido h\u00e1 113 anos.<\/span><\/p>\n<p style=\"text-align: justify;\">O objetivo do festival tamb\u00e9m \u00e9 de manter viva a tradi\u00e7\u00e3o do barro no Alto do Moura, bem como valorizar outros nomes que se destacaram nos mais variados segmentos da cultura e j\u00e1 n\u00e3o est\u00e3o mais entre n\u00f3s. A festa popular ainda costuma prestar homenagem especial, e nessa edi\u00e7\u00e3o ser\u00e1 ao folguedo popular Boi Tira-Teima, que completar\u00e1 centen\u00e1rio em 2022.<\/p>\n<p style=\"text-align: justify;\">A programa\u00e7\u00e3o, aberta ao p\u00fablico e gratuita, consta de oficina intitulada \u201cModelagem no barro\u201d, tendo como oficineira a artes\u00e3 Nicinha Ot\u00edlia. O local ser\u00e1 o Assentamento Che Guevara (Movimento dos Trabalhadores Sem Teto \u2013 MTST), para tr\u00eas turmas, nos dias 20, 21 e 22, sempre das 8h \u00e0s 12h. Outra op\u00e7\u00e3o para o p\u00fablico ser\u00e1 a Aula Espet\u00e1culo com o poeta paraibano Jessier Quirino, que ter\u00e1 espa\u00e7o na Pousada Casa da Gente, nos dias 20, 21 e 23, das 14h \u00e0s 17h, tamb\u00e9m para tr\u00eas turmas. Para as duas atividades, as vagas s\u00e3o limitadas e os interessados precisam fazer inscri\u00e7\u00e3o online antecipada, e sem pagamento de taxa, no link http:\/\/bit.ly\/3NXe4ri<\/p>\n<p style=\"text-align: justify;\">Outras atra\u00e7\u00f5es ser\u00e3o as exposi\u00e7\u00f5es de pe\u00e7as de barro e de fotografia, que estar\u00e3o em cartaz de 17 a 24 de abril, das 9h \u00e0s12h e das 14h \u00e0s17h, e contam a hist\u00f3ria da comunidade que sobrevive da arte de moldar a mat\u00e9ria-prima para o sustento da fam\u00edlia, ao mesmo tempo que criam novas pe\u00e7as numa renova\u00e7\u00e3o da arte figurativa. A \u00e1rea externa da Casa Museu Mestre Vitalino recebe a exposi\u00e7\u00e3o \u201cHomenagem da Fam\u00edlia Vitalino a Severino Vitalino\u201d. J\u00e1 a Associa\u00e7\u00e3o dos Artes\u00e3os em Barro e Moradores do Alto do Moura (ABMAM), abre a exposi\u00e7\u00e3o \u201cPovo do Barro\u201d, al\u00e9m de receber a exposi\u00e7\u00e3o \u201cDisc\u00edpulos de Vitalino\u201d, do fot\u00f3grafo Antonio Preggo. Proporcionando acessibilidade para pessoas cegas ou com defici\u00eancia visual, as tr\u00eas exposi\u00e7\u00f5es disp\u00f5em de leitura em braile nas pe\u00e7as e fotos.<\/p>\n<p style=\"text-align: justify;\">A s\u00e9tima arte tamb\u00e9m tem lugar garantido no Festival Viva Vitalina, com o \u201cCinema no Beco do Ratinho\u201d, a partir das 20h do s\u00e1bado (23). Ser\u00e1 ao ar livre, com a exibi\u00e7\u00e3o do filme \u201cA Peleja do Bumba Meu Boi Contra o Vampiro do Meio Dia\u201d e do document\u00e1rio \u201cUm Dia com Severino Vitalino\u201d. A atividade contar\u00e1 com a participa\u00e7\u00e3o do professor \u00c1lvaro Ferreira, int\u00e9rprete de Libras, que far\u00e1 a tradu\u00e7\u00e3o simult\u00e2nea.<\/p>\n<p style=\"text-align: justify;\">Domingo (24), ser\u00e1 a culmin\u00e2ncia do evento, com o tradicional Cortejo pelas ruas do bairro. A concentra\u00e7\u00e3o come\u00e7a \u00e0s 14h, na Pra\u00e7a do Artes\u00e3o, de onde sair\u00e1 em desfile com banda de p\u00edfanos, mazurca, maracatu, reisado, pernas de pau, bloquinhos infantis e estandartes com nomes da cultura que deixaram o seu legado. O destino ser\u00e1 um espa\u00e7o aberto de um estacionamento (pr\u00f3ximo a Casa Museu Mestre Vitalino), que receber\u00e1 estrutura montada com palco e banheiros qu\u00edmicos (inclusive com acessibilidade). A festa de encerramento ter\u00e1 apresenta\u00e7\u00f5es de Valdir Santos e seus convidados (Jo\u00e3o do Pife e Walmir Silva), Nika Macedo e o poeta paraibano Jessier Quirino, de talento reconhecido nacionalmente.<\/p>\n<p style=\"text-align: justify;\">Os recursos s\u00e3o da Lei de Incentivo \u00e0 Cultura, atrav\u00e9s da Fundarpe, Secretaria de Cultura e Governo do Estado de Pernambuco e o apoio da Fam\u00edlia Vitalino, Prefeitura de Caruaru, Funda\u00e7\u00e3o de Cultura de Caruaru, da Associa\u00e7\u00e3o dos Artes\u00e3os em Barro e Moradores do Alto do Moura (ABMAM) e da TV Asa Branca.<\/p>\n<p style=\"text-align: justify;\"><strong>PROGRAMA\u00c7\u00c3O<\/strong><\/p>\n<p style=\"text-align: justify;\">Domingo (17) &#8211; Abertura<br \/>Local: Casa Museu Mestre Vitalino<br \/>Hor\u00e1rio: 16h<\/p>\n<p style=\"text-align: justify;\">Exposi\u00e7\u00f5es<br \/>\u201cHomenagem da Fam\u00edlia Vitalino a Severino Vitalino (Casa Museu), \u201cBarro no Alto do Moura\u201d \u2013 pe\u00e7as em barro &#8211; (ABMAM) e \u201cDisc\u00edpulos de Vitalino\u201d \u2013 fotografia \u2013 (ABMAM)<br \/>*De 17 a 24, das 9h \u00e0s 12h e das 14 \u00e0s 17h<\/p>\n<p style=\"text-align: justify;\">Oficinas<br \/>\u201cModelagem no barro\u201d<br \/>Oficineira &#8211; Artes\u00e3 Nicinha Ot\u00edlia<br \/>Local: Assentamento Che Guevara (Movimento dos Trabalhadores Sem Teto &#8211; MTST)<br \/>*Dias 20, 21 e 22, das 8h \u00e0s 12h<\/p>\n<p style=\"text-align: justify;\">\u201cAula espet\u00e1culo\u201d<br \/>Atra\u00e7\u00e3o: Jessier Quirino<br \/>Local: Pousada Casa da Gente<br \/>*Dias 20, 21 e 22, das 14h \u00e0s 17h<\/p>\n<p style=\"text-align: justify;\">Exibi\u00e7\u00e3o de v\u00eddeos<br \/>\u201cA Peleja do Bumba Meu Boi Contra o Vampiro do Meio Dia\u201d e<br \/>\u201cUm Dia com Severino Vitalino\u201d<br \/>Local: Beco do Ratinho (Alto do Moura &#8211; atividade \u00e0 c\u00e9u aberto))<br \/>S\u00e1bado (23)<br \/>Hor\u00e1rio: 20h<\/p>\n<p style=\"text-align: justify;\">Cortejo<br \/>Domingo (24)<br \/>Local: Concentra\u00e7\u00e3o na Pra\u00e7a do Artes\u00e3o<br \/>Hor\u00e1rio: 14h<br \/>Atra\u00e7\u00f5es: Estandartes, Banda de P\u00edfanos, Boi Tira Teima, Reisado, Bacamarteiros, Mazurca, Pernas de Pau e Maracatu<\/p>\n<p style=\"text-align: justify;\">Shows &#8211; Apoteose<br \/>Domingo (24)<br \/>Local: Av. Mestre Vitalino (na entrada do Alto do Moura).<br \/>Hor\u00e1rio: 17h<br \/>Atra\u00e7\u00f5es: Jessier Quirino, NIka Macedo Valdir Santos (e .convidados Jo\u00e3o do Pife e Walmir Silva)<\/p>\n\n\n<figure class=\"wp-block-image size-large\"><img loading=\"lazy\" decoding=\"async\" width=\"1024\" height=\"682\" src=\"https:\/\/blogdoedvaldomagalhaes.com.br\/wp-content\/uploads\/2022\/04\/IMG-20220411-WA0205-1024x682.jpg\" alt=\"\" class=\"wp-image-82090\" srcset=\"https:\/\/blogdoedvaldomagalhaes.com.br\/wp-content\/uploads\/2022\/04\/IMG-20220411-WA0205-1024x682.jpg 1024w, https:\/\/blogdoedvaldomagalhaes.com.br\/wp-content\/uploads\/2022\/04\/IMG-20220411-WA0205-300x200.jpg 300w, https:\/\/blogdoedvaldomagalhaes.com.br\/wp-content\/uploads\/2022\/04\/IMG-20220411-WA0205-768x512.jpg 768w, https:\/\/blogdoedvaldomagalhaes.com.br\/wp-content\/uploads\/2022\/04\/IMG-20220411-WA0205.jpg 1280w\" sizes=\"auto, (max-width: 1024px) 100vw, 1024px\" \/><figcaption>Cr\u00e9dito fotos: Antonio Preggo \/ Arquivo<\/figcaption><\/figure>\n","protected":false},"excerpt":{"rendered":"<p>O Festival Viva Vitalino chega a sua 7\u00aa edi\u00e7\u00e3o entre os dias 17 e 24 de abril, no Alto do&hellip;<\/p>\n","protected":false},"author":1,"featured_media":82089,"comment_status":"open","ping_status":"open","sticky":false,"template":"","format":"standard","meta":{"footnotes":""},"categories":[14120],"tags":[2,19532,3406,24396],"class_list":["post-82088","post","type-post","status-publish","format-standard","has-post-thumbnail","hentry","category-noticias","tag-blog-do-edvaldo-magalhaes","tag-blog-mais-acessado-e-visualizado-de-caruaru-e-regiao","tag-caruaru","tag-festival-viva-vitalino-chega-a-7a-edicao-do-alto-do-moura"],"_links":{"self":[{"href":"https:\/\/blogdoedvaldomagalhaes.com.br\/index.php\/wp-json\/wp\/v2\/posts\/82088","targetHints":{"allow":["GET"]}}],"collection":[{"href":"https:\/\/blogdoedvaldomagalhaes.com.br\/index.php\/wp-json\/wp\/v2\/posts"}],"about":[{"href":"https:\/\/blogdoedvaldomagalhaes.com.br\/index.php\/wp-json\/wp\/v2\/types\/post"}],"author":[{"embeddable":true,"href":"https:\/\/blogdoedvaldomagalhaes.com.br\/index.php\/wp-json\/wp\/v2\/users\/1"}],"replies":[{"embeddable":true,"href":"https:\/\/blogdoedvaldomagalhaes.com.br\/index.php\/wp-json\/wp\/v2\/comments?post=82088"}],"version-history":[{"count":1,"href":"https:\/\/blogdoedvaldomagalhaes.com.br\/index.php\/wp-json\/wp\/v2\/posts\/82088\/revisions"}],"predecessor-version":[{"id":82091,"href":"https:\/\/blogdoedvaldomagalhaes.com.br\/index.php\/wp-json\/wp\/v2\/posts\/82088\/revisions\/82091"}],"wp:featuredmedia":[{"embeddable":true,"href":"https:\/\/blogdoedvaldomagalhaes.com.br\/index.php\/wp-json\/wp\/v2\/media\/82089"}],"wp:attachment":[{"href":"https:\/\/blogdoedvaldomagalhaes.com.br\/index.php\/wp-json\/wp\/v2\/media?parent=82088"}],"wp:term":[{"taxonomy":"category","embeddable":true,"href":"https:\/\/blogdoedvaldomagalhaes.com.br\/index.php\/wp-json\/wp\/v2\/categories?post=82088"},{"taxonomy":"post_tag","embeddable":true,"href":"https:\/\/blogdoedvaldomagalhaes.com.br\/index.php\/wp-json\/wp\/v2\/tags?post=82088"}],"curies":[{"name":"wp","href":"https:\/\/api.w.org\/{rel}","templated":true}]}}