{"id":8208,"date":"2016-09-24T04:15:00","date_gmt":"2016-09-24T07:15:00","guid":{"rendered":"http:\/\/blogdoedvaldomagalhaes.com.br\/index.php\/2016\/09\/24\/agenda-dos-candidatos-prefeito-de_24\/"},"modified":"2019-02-09T01:00:13","modified_gmt":"2019-02-09T03:00:13","slug":"agenda-dos-candidatos-prefeito-de_24","status":"publish","type":"post","link":"https:\/\/blogdoedvaldomagalhaes.com.br\/index.php\/2016\/09\/24\/agenda-dos-candidatos-prefeito-de_24\/","title":{"rendered":"Agenda dos candidatos a Prefeito de Caruaru neste s\u00e1bado (24)"},"content":{"rendered":"<div class=\"separator\" style=\"clear: both; text-align: center;\">\n<a href=\"https:\/\/4.bp.blogspot.com\/-Z9kO9itqs68\/V-X8Rs-agrI\/AAAAAAAAG4Q\/NO96_0HwbB0FJZcclddIR4ycmmxlW2k8QCLcB\/s1600\/Agenda%2Bdos%2BCandidatos.jpg\" imageanchor=\"1\" style=\"margin-left: 1em; margin-right: 1em;\"><img loading=\"lazy\" decoding=\"async\" border=\"0\" height=\"207\" src=\"http:\/\/blogdoedvaldomagalhaes.com.br\/wp-content\/uploads\/2016\/09\/AgendadosCandidatos-9.jpg\" width=\"400\" \/><\/a><\/div>\n<div style=\"background-color: white;\">\n<div style=\"text-align: justify;\">\n<\/div>\n<div style=\"text-align: justify;\">\n<b>Rivaldo Soares (PHS)<\/b><\/div>\n<div style=\"text-align: justify;\">\n8h30 &#8211; Corpo-a-corpo na feira de Caruaru<\/div>\n<div style=\"text-align: justify;\">\n15h &nbsp; &#8211; Visita ao S\u00edtio Campos e ao Muric\u00ed<\/div>\n<div style=\"text-align: justify;\">\n19h. &#8211; Agenda livre<\/div>\n<div style=\"text-align: justify;\">\n<\/div>\n<div style=\"text-align: justify;\">\n<b>Jorge Gomes (PSB)<\/b><\/div>\n<div style=\"text-align: justify;\">\n8h &#8211; Grava\u00e7\u00e3o para o guia eleitoral<\/div>\n<div style=\"text-align: justify;\">\n14h &#8211; Plen\u00e1ria com o grupo LGBT<\/div>\n<div style=\"text-align: justify;\">\n15h &#8211; Visita ao s\u00edtio Campo Novo<\/div>\n<div style=\"text-align: justify;\">\n16h30 &#8211; Visita a Terra Vermelha<\/div>\n<div style=\"text-align: justify;\">\n19h &#8211; Caminhada no &nbsp;bairro&nbsp;Joao Mota, vai passar pelo Caiuc\u00e1 e Bairro Kennedy<\/p>\n<div>\n<\/div>\n<\/div>\n<div style=\"text-align: justify;\">\n<b>Raquel Lyra (PSDB)<\/b><\/div>\n<div style=\"text-align: justify;\">\n07h &#8211; Visita ao centro comercial, nas ruas S\u00e3o Sebasti\u00e3o, Tobias Barreto e Guararapes<\/div>\n<div style=\"text-align: justify;\">\n14h &#8211; Porta a porta no 4o Distrito , nos s\u00edtios Medeiros, Serrote dos Bois e Peladas<\/div>\n<div style=\"text-align: justify;\">\n19h &#8211; Caminhada no Jardim Panorama e Afonsinho<\/div>\n<div style=\"text-align: justify;\">\n<b><br \/><\/b><\/div>\n<div style=\"text-align: justify;\">\n<b>TONY GEL (PMDB)<\/b><\/div>\n<div style=\"text-align: justify;\">\n9h &#8211; Reuni\u00e3o com lideran\u00e7as em bairro da cidade<\/div>\n<div style=\"text-align: justify;\">\n14h &#8211; Encontro com os moradores do Boa Vista I<\/div>\n<div style=\"text-align: justify;\">\n19h Evento: Caminhada pelas ruas do Salgado. Concentra\u00e7\u00e3o Pra\u00e7a da Rua Tup\u00ed<\/div>\n<div style=\"text-align: justify;\">\n<b><br \/><\/b><\/div>\n<div style=\"text-align: justify;\">\n<b>Erick Lessa (PR)<\/b><\/div>\n<div style=\"text-align: justify;\">\n7h \u2013 Visita \u00e0 Feira Livre do Parque 18 de Maio;<\/div>\n<div style=\"text-align: justify;\">\n15h \u2013 Porta a porta Lot. Nina Liberato;<\/div>\n<div style=\"text-align: justify;\">\n19h30 \u2013 Caminhada no bairro S\u00e3o Francisco;<\/div>\n<div style=\"text-align: justify;\">\n<\/div>\n<div style=\"text-align: justify;\">\n<b>Eduardo Guerra (PSOL)<\/b><\/div>\n<div style=\"text-align: justify;\">\nDurante a manh\u00e3 visita feiras p\u00fablicas<\/div>\n<div style=\"text-align: justify;\">\nA tarde visita comunidades carentes da cidade<\/div>\n<div style=\"text-align: justify;\">\nA noite participa da parada da diversidade de Caruaru&nbsp;<\/div>\n<div style=\"text-align: justify;\">\n<b><br \/><\/b><\/div>\n<div style=\"text-align: justify;\">\n<b>Jefferson Abra\u00e3o (PCB)<\/b><\/div>\n<div style=\"text-align: justify;\">\nN\u00e3o enviou a agenda ao blog<\/div>\n<\/div>\n","protected":false},"excerpt":{"rendered":"<p>Rivaldo Soares (PHS) 8h30 &#8211; Corpo-a-corpo na feira de Caruaru 15h &nbsp; &#8211; Visita ao S\u00edtio Campos e ao Muric\u00ed&hellip;<\/p>\n","protected":false},"author":1,"featured_media":0,"comment_status":"open","ping_status":"open","sticky":false,"template":"","format":"standard","meta":{"footnotes":""},"categories":[1],"tags":[2,11431,9402,5151,3121,1229,11979,995],"class_list":["post-8208","post","type-post","status-publish","format-standard","hentry","category-sem-categoria","tag-blog-do-edvaldo-magalhaes","tag-eleicoes-2016","tag-erick-lessa","tag-jorge-gomes","tag-noticias-da-politica","tag-raquel-lyra","tag-rivaldo-soares","tag-tony-gel"],"_links":{"self":[{"href":"https:\/\/blogdoedvaldomagalhaes.com.br\/index.php\/wp-json\/wp\/v2\/posts\/8208","targetHints":{"allow":["GET"]}}],"collection":[{"href":"https:\/\/blogdoedvaldomagalhaes.com.br\/index.php\/wp-json\/wp\/v2\/posts"}],"about":[{"href":"https:\/\/blogdoedvaldomagalhaes.com.br\/index.php\/wp-json\/wp\/v2\/types\/post"}],"author":[{"embeddable":true,"href":"https:\/\/blogdoedvaldomagalhaes.com.br\/index.php\/wp-json\/wp\/v2\/users\/1"}],"replies":[{"embeddable":true,"href":"https:\/\/blogdoedvaldomagalhaes.com.br\/index.php\/wp-json\/wp\/v2\/comments?post=8208"}],"version-history":[{"count":1,"href":"https:\/\/blogdoedvaldomagalhaes.com.br\/index.php\/wp-json\/wp\/v2\/posts\/8208\/revisions"}],"predecessor-version":[{"id":12666,"href":"https:\/\/blogdoedvaldomagalhaes.com.br\/index.php\/wp-json\/wp\/v2\/posts\/8208\/revisions\/12666"}],"wp:attachment":[{"href":"https:\/\/blogdoedvaldomagalhaes.com.br\/index.php\/wp-json\/wp\/v2\/media?parent=8208"}],"wp:term":[{"taxonomy":"category","embeddable":true,"href":"https:\/\/blogdoedvaldomagalhaes.com.br\/index.php\/wp-json\/wp\/v2\/categories?post=8208"},{"taxonomy":"post_tag","embeddable":true,"href":"https:\/\/blogdoedvaldomagalhaes.com.br\/index.php\/wp-json\/wp\/v2\/tags?post=8208"}],"curies":[{"name":"wp","href":"https:\/\/api.w.org\/{rel}","templated":true}]}}