{"id":82076,"date":"2022-04-11T09:38:34","date_gmt":"2022-04-11T12:38:34","guid":{"rendered":"https:\/\/blogdoedvaldomagalhaes.com.br\/?p=82076"},"modified":"2022-04-11T09:38:35","modified_gmt":"2022-04-11T12:38:35","slug":"bruno-lambreta-e-anderson-correia-reforcam-apoio-a-raquel-lyra","status":"publish","type":"post","link":"https:\/\/blogdoedvaldomagalhaes.com.br\/index.php\/2022\/04\/11\/bruno-lambreta-e-anderson-correia-reforcam-apoio-a-raquel-lyra\/","title":{"rendered":"Bruno Lambreta e Anderson Correia refor\u00e7am apoio a Raquel Lyra"},"content":{"rendered":"<p style=\"text-align: justify;\"><span style=\"font-size: inherit;\">Parlamentares atuantes na base do Poder Executivo municipal de Caruaru, os vereadores Bruno Lambreta (PSDB) e Anderson Correia (PP), refor\u00e7am, juntos, o apoio \u00e0 ex-prefeita Raquel Lyra (PSDB), na disputa pelo governo do estado. Aliados da pr\u00e9-candidata a governadora de Pernambuco, ambos est\u00e3o confiantes e acreditam que, diante do cen\u00e1rio atual, Raquel tem totais condi\u00e7\u00f5es de conquistar a cadeira do Pal\u00e1cio do Campo das Princesas.<\/span><\/p>\n<p style=\"text-align: justify;\">\u201cEst\u00e1 mais do que na hora de acontecer uma mudan\u00e7a no comando do nosso estado, e a pessoa certa para tal feito \u00e9 a nossa ex-prefeita Raquel Lyra. A experi\u00eancia de ter feito um governo que se tornou refer\u00eancia n\u00e3o s\u00f3 para as cidades daqui, como tamb\u00e9m para munic\u00edpios de outros estados, a credencia a se tornar primeira mulher governadora da hist\u00f3ria de Pernambuco\u201d, ressaltou o Presidente da C\u00e2mara Municipal de Caruaru, Bruno Lambreta.<\/p>\n<p style=\"text-align: justify;\">\u201cEstamos juntos com Raquel, ela est\u00e1 mais do que preparada para ocupar esta vaga ao governo do estado. Ela tem todas as qualidades que uma gest\u00e3o p\u00fablica precisa para avan\u00e7ar e sair da mesmice que vivemos hoje. Com a sua compet\u00eancia e experi\u00eancia pol\u00edtica, atrelado a sua juventude, que a torna contempor\u00e2nea do futuro, tenho certeza que ser\u00e1 uma l\u00edder \u00edmpar \u00e0 frente de Pernambuco\u201d, destacou o pr\u00e9-candidato a deputado federal, Anderson Correia.<\/p>\n","protected":false},"excerpt":{"rendered":"<p>Parlamentares atuantes na base do Poder Executivo municipal de Caruaru, os vereadores Bruno Lambreta (PSDB) e Anderson Correia (PP), refor\u00e7am,&hellip;<\/p>\n","protected":false},"author":1,"featured_media":82077,"comment_status":"open","ping_status":"open","sticky":false,"template":"","format":"standard","meta":{"footnotes":""},"categories":[14122],"tags":[2,19532,24393,3406],"class_list":["post-82076","post","type-post","status-publish","format-standard","has-post-thumbnail","hentry","category-politica","tag-blog-do-edvaldo-magalhaes","tag-blog-mais-acessado-e-visualizado-de-caruaru-e-regiao","tag-bruno-lambreta-e-anderson-correia-reforcam-apoio-a-raquel-lyra","tag-caruaru"],"_links":{"self":[{"href":"https:\/\/blogdoedvaldomagalhaes.com.br\/index.php\/wp-json\/wp\/v2\/posts\/82076","targetHints":{"allow":["GET"]}}],"collection":[{"href":"https:\/\/blogdoedvaldomagalhaes.com.br\/index.php\/wp-json\/wp\/v2\/posts"}],"about":[{"href":"https:\/\/blogdoedvaldomagalhaes.com.br\/index.php\/wp-json\/wp\/v2\/types\/post"}],"author":[{"embeddable":true,"href":"https:\/\/blogdoedvaldomagalhaes.com.br\/index.php\/wp-json\/wp\/v2\/users\/1"}],"replies":[{"embeddable":true,"href":"https:\/\/blogdoedvaldomagalhaes.com.br\/index.php\/wp-json\/wp\/v2\/comments?post=82076"}],"version-history":[{"count":1,"href":"https:\/\/blogdoedvaldomagalhaes.com.br\/index.php\/wp-json\/wp\/v2\/posts\/82076\/revisions"}],"predecessor-version":[{"id":82078,"href":"https:\/\/blogdoedvaldomagalhaes.com.br\/index.php\/wp-json\/wp\/v2\/posts\/82076\/revisions\/82078"}],"wp:featuredmedia":[{"embeddable":true,"href":"https:\/\/blogdoedvaldomagalhaes.com.br\/index.php\/wp-json\/wp\/v2\/media\/82077"}],"wp:attachment":[{"href":"https:\/\/blogdoedvaldomagalhaes.com.br\/index.php\/wp-json\/wp\/v2\/media?parent=82076"}],"wp:term":[{"taxonomy":"category","embeddable":true,"href":"https:\/\/blogdoedvaldomagalhaes.com.br\/index.php\/wp-json\/wp\/v2\/categories?post=82076"},{"taxonomy":"post_tag","embeddable":true,"href":"https:\/\/blogdoedvaldomagalhaes.com.br\/index.php\/wp-json\/wp\/v2\/tags?post=82076"}],"curies":[{"name":"wp","href":"https:\/\/api.w.org\/{rel}","templated":true}]}}