{"id":82044,"date":"2022-04-09T15:52:09","date_gmt":"2022-04-09T18:52:09","guid":{"rendered":"https:\/\/blogdoedvaldomagalhaes.com.br\/?p=82044"},"modified":"2022-04-09T15:52:10","modified_gmt":"2022-04-09T18:52:10","slug":"douglas-cintra-anuncia-apoio-a-miguel-coelho-e-assume-coordenacao-de-pre-campanha-no-agreste","status":"publish","type":"post","link":"https:\/\/blogdoedvaldomagalhaes.com.br\/index.php\/2022\/04\/09\/douglas-cintra-anuncia-apoio-a-miguel-coelho-e-assume-coordenacao-de-pre-campanha-no-agreste\/","title":{"rendered":"Douglas Cintra anuncia apoio a Miguel Coelho e assume coordena\u00e7\u00e3o de pr\u00e9-campanha no Agreste"},"content":{"rendered":"<p style=\"text-align: justify;\"><span style=\"font-size: inherit;\">Ex-senador da rep\u00fablica, Douglas Cintra \u00e9 mais uma lideran\u00e7a do Agreste que declara apoio oficial ao pr\u00e9-candidato a governador Miguel Coelho. O empres\u00e1rio caruaruense ir\u00e1 concorrer pelo Podemos a uma vaga na C\u00e2mara dos Deputados. O ex-senador se encontrou, neste s\u00e1bado (09), no Recife, com Miguel Coelho, o senador Fernando Bezerra e o deputado federal Ricardo Teobaldo.<\/span><\/p>\n<p style=\"text-align: justify;\">Douglas Cintra ter\u00e1 um papel importante na pr\u00e9-campanha de Miguel. O ex-senador ir\u00e1 coordenar as articula\u00e7\u00f5es pol\u00edticas do pr\u00e9-candidato a governador no Agreste. Douglas disse estar confiante no desempenho de Miguel Coelho nos pr\u00f3ximos meses. \u201cO povo do Agreste agora ter\u00e1 melhores condi\u00e7\u00f5es de conhecer Miguel. Depois que ele saiu de uma gest\u00e3o aprovad\u00edssima em Petrolina, \u00e9 hora de percorrer todo o estado e apontar novos caminhos para Pernambuco. Estou seguro que Miguel \u00e9 o mais preparado para esse desafio e ter\u00e1 toda nossa dedica\u00e7\u00e3o nesse projeto.\u201d<\/p>\n<p style=\"text-align: justify;\">Empres\u00e1rio de sucesso, o caruaruense Douglas Cintra (56 anos) foi senador entre 2014 e 2016. Agora, ele ser\u00e1 um dos pr\u00e9-candidatos mais fortes para uma vaga de deputado federal na chapa do Podemos. \u201cA biografia e a experi\u00eancia de Douglas Cintra j\u00e1 dizem tudo. Confio que ele vai nos ajudar muito nessa caminhada para mudar Pernambuco, al\u00e9m de ser um futuro deputado federal que trabalhar\u00e1 muito pelo povo do Agreste\u201d, elogiou Miguel Coelho ap\u00f3s a reuni\u00e3o.<\/p>\n","protected":false},"excerpt":{"rendered":"<p>Ex-senador da rep\u00fablica, Douglas Cintra \u00e9 mais uma lideran\u00e7a do Agreste que declara apoio oficial ao pr\u00e9-candidato a governador Miguel&hellip;<\/p>\n","protected":false},"author":1,"featured_media":82045,"comment_status":"open","ping_status":"open","sticky":false,"template":"","format":"standard","meta":{"footnotes":""},"categories":[14122],"tags":[2,19532,3406,24382],"class_list":["post-82044","post","type-post","status-publish","format-standard","has-post-thumbnail","hentry","category-politica","tag-blog-do-edvaldo-magalhaes","tag-blog-mais-acessado-e-visualizado-de-caruaru-e-regiao","tag-caruaru","tag-douglas-cintra-anuncia-apoio-a-miguel-coelho-e-assume-coordenacao-de-pre-campanha-no-agreste"],"_links":{"self":[{"href":"https:\/\/blogdoedvaldomagalhaes.com.br\/index.php\/wp-json\/wp\/v2\/posts\/82044","targetHints":{"allow":["GET"]}}],"collection":[{"href":"https:\/\/blogdoedvaldomagalhaes.com.br\/index.php\/wp-json\/wp\/v2\/posts"}],"about":[{"href":"https:\/\/blogdoedvaldomagalhaes.com.br\/index.php\/wp-json\/wp\/v2\/types\/post"}],"author":[{"embeddable":true,"href":"https:\/\/blogdoedvaldomagalhaes.com.br\/index.php\/wp-json\/wp\/v2\/users\/1"}],"replies":[{"embeddable":true,"href":"https:\/\/blogdoedvaldomagalhaes.com.br\/index.php\/wp-json\/wp\/v2\/comments?post=82044"}],"version-history":[{"count":1,"href":"https:\/\/blogdoedvaldomagalhaes.com.br\/index.php\/wp-json\/wp\/v2\/posts\/82044\/revisions"}],"predecessor-version":[{"id":82046,"href":"https:\/\/blogdoedvaldomagalhaes.com.br\/index.php\/wp-json\/wp\/v2\/posts\/82044\/revisions\/82046"}],"wp:featuredmedia":[{"embeddable":true,"href":"https:\/\/blogdoedvaldomagalhaes.com.br\/index.php\/wp-json\/wp\/v2\/media\/82045"}],"wp:attachment":[{"href":"https:\/\/blogdoedvaldomagalhaes.com.br\/index.php\/wp-json\/wp\/v2\/media?parent=82044"}],"wp:term":[{"taxonomy":"category","embeddable":true,"href":"https:\/\/blogdoedvaldomagalhaes.com.br\/index.php\/wp-json\/wp\/v2\/categories?post=82044"},{"taxonomy":"post_tag","embeddable":true,"href":"https:\/\/blogdoedvaldomagalhaes.com.br\/index.php\/wp-json\/wp\/v2\/tags?post=82044"}],"curies":[{"name":"wp","href":"https:\/\/api.w.org\/{rel}","templated":true}]}}