{"id":82040,"date":"2022-04-09T14:49:17","date_gmt":"2022-04-09T17:49:17","guid":{"rendered":"https:\/\/blogdoedvaldomagalhaes.com.br\/?p=82040"},"modified":"2022-04-09T14:49:18","modified_gmt":"2022-04-09T17:49:18","slug":"prf-resgata-passaros-silvestres-que-seriam-levados-para-caruaru","status":"publish","type":"post","link":"https:\/\/blogdoedvaldomagalhaes.com.br\/index.php\/2022\/04\/09\/prf-resgata-passaros-silvestres-que-seriam-levados-para-caruaru\/","title":{"rendered":"PRF resgata p\u00e1ssaros silvestres que seriam levados para Caruaru"},"content":{"rendered":"<p style=\"text-align: justify;\">Uma fiscaliza\u00e7\u00e3o da Pol\u00edcia Rodovi\u00e1ria Federal (PRF) realizada na madrugada deste s\u00e1bado (9) resultou no resgate de dez p\u00e1ssaros silvestres, na BR 116, em Bel\u00e9m de S\u00e3o Francisco, no Sert\u00e3o de Pernambuco. As aves eram transportadas em condi\u00e7\u00f5es prec\u00e1rias no porta-malas e no interior de um carro.<\/p>\n<p style=\"text-align: justify;\">Durante a abordagem no Km 116 da rodovia, os policiais realizaram uma vistoria em um carro e encontraram quatro gaiolas onde os p\u00e1ssaros eram transportados. Entre as esp\u00e9cies resgatadas, est\u00e3o Galo de Campina, Azul\u00e3o, Bigodinho e Coleira.<\/p>\n<p style=\"text-align: justify;\">O passageiro disse que os p\u00e1ssaros eram dele e estavam sendo levados para Caruaru, no Agreste de Pernambuco, onde ele iria morar. Foi lavrado um Termo Circunstanciado de Ocorr\u00eancia (TCO) pelo crime ambiental e as aves foram encaminhadas para o Centro de Conserva\u00e7\u00e3o e Manejo de Fauna da Caatinga, em Petrolina.<\/p>\n\n\n<figure class=\"wp-block-image size-large\"><img loading=\"lazy\" decoding=\"async\" width=\"1024\" height=\"472\" src=\"https:\/\/blogdoedvaldomagalhaes.com.br\/wp-content\/uploads\/2022\/04\/IMG-20220409-WA0093-1024x472.jpg\" alt=\"\" class=\"wp-image-82042\" srcset=\"https:\/\/blogdoedvaldomagalhaes.com.br\/wp-content\/uploads\/2022\/04\/IMG-20220409-WA0093-1024x472.jpg 1024w, https:\/\/blogdoedvaldomagalhaes.com.br\/wp-content\/uploads\/2022\/04\/IMG-20220409-WA0093-300x138.jpg 300w, https:\/\/blogdoedvaldomagalhaes.com.br\/wp-content\/uploads\/2022\/04\/IMG-20220409-WA0093-768x354.jpg 768w, https:\/\/blogdoedvaldomagalhaes.com.br\/wp-content\/uploads\/2022\/04\/IMG-20220409-WA0093.jpg 1280w\" sizes=\"auto, (max-width: 1024px) 100vw, 1024px\" \/><figcaption>Fotos: Divulga\u00e7\u00e3o\/PRF<\/figcaption><\/figure>\n","protected":false},"excerpt":{"rendered":"<p>Uma fiscaliza\u00e7\u00e3o da Pol\u00edcia Rodovi\u00e1ria Federal (PRF) realizada na madrugada deste s\u00e1bado (9) resultou no resgate de dez p\u00e1ssaros silvestres,&hellip;<\/p>\n","protected":false},"author":1,"featured_media":82041,"comment_status":"open","ping_status":"open","sticky":false,"template":"","format":"standard","meta":{"footnotes":""},"categories":[14121],"tags":[2,19532,3406,24381],"class_list":["post-82040","post","type-post","status-publish","format-standard","has-post-thumbnail","hentry","category-policial","tag-blog-do-edvaldo-magalhaes","tag-blog-mais-acessado-e-visualizado-de-caruaru-e-regiao","tag-caruaru","tag-prf-resgata-passaros-silvestres-que-seriam-levados-para-caruaru"],"_links":{"self":[{"href":"https:\/\/blogdoedvaldomagalhaes.com.br\/index.php\/wp-json\/wp\/v2\/posts\/82040","targetHints":{"allow":["GET"]}}],"collection":[{"href":"https:\/\/blogdoedvaldomagalhaes.com.br\/index.php\/wp-json\/wp\/v2\/posts"}],"about":[{"href":"https:\/\/blogdoedvaldomagalhaes.com.br\/index.php\/wp-json\/wp\/v2\/types\/post"}],"author":[{"embeddable":true,"href":"https:\/\/blogdoedvaldomagalhaes.com.br\/index.php\/wp-json\/wp\/v2\/users\/1"}],"replies":[{"embeddable":true,"href":"https:\/\/blogdoedvaldomagalhaes.com.br\/index.php\/wp-json\/wp\/v2\/comments?post=82040"}],"version-history":[{"count":1,"href":"https:\/\/blogdoedvaldomagalhaes.com.br\/index.php\/wp-json\/wp\/v2\/posts\/82040\/revisions"}],"predecessor-version":[{"id":82043,"href":"https:\/\/blogdoedvaldomagalhaes.com.br\/index.php\/wp-json\/wp\/v2\/posts\/82040\/revisions\/82043"}],"wp:featuredmedia":[{"embeddable":true,"href":"https:\/\/blogdoedvaldomagalhaes.com.br\/index.php\/wp-json\/wp\/v2\/media\/82041"}],"wp:attachment":[{"href":"https:\/\/blogdoedvaldomagalhaes.com.br\/index.php\/wp-json\/wp\/v2\/media?parent=82040"}],"wp:term":[{"taxonomy":"category","embeddable":true,"href":"https:\/\/blogdoedvaldomagalhaes.com.br\/index.php\/wp-json\/wp\/v2\/categories?post=82040"},{"taxonomy":"post_tag","embeddable":true,"href":"https:\/\/blogdoedvaldomagalhaes.com.br\/index.php\/wp-json\/wp\/v2\/tags?post=82040"}],"curies":[{"name":"wp","href":"https:\/\/api.w.org\/{rel}","templated":true}]}}