{"id":82037,"date":"2022-04-09T14:38:47","date_gmt":"2022-04-09T17:38:47","guid":{"rendered":"https:\/\/blogdoedvaldomagalhaes.com.br\/?p=82037"},"modified":"2022-04-09T14:38:49","modified_gmt":"2022-04-09T17:38:49","slug":"procurado-pela-justica-por-estelionato-e-detido-pela-prf-na-br-232","status":"publish","type":"post","link":"https:\/\/blogdoedvaldomagalhaes.com.br\/index.php\/2022\/04\/09\/procurado-pela-justica-por-estelionato-e-detido-pela-prf-na-br-232\/","title":{"rendered":"Procurado pela justi\u00e7a por estelionato \u00e9 detido pela PRF na BR 232"},"content":{"rendered":"<p style=\"text-align: justify;\"><span style=\"font-size: inherit;\">Um homem que era procurado pela justi\u00e7a por estelionato foi detido, na madrugada deste s\u00e1bado (9), pela Pol\u00edcia Rodovi\u00e1ria Federal (PRF), na BR 232, em Gravat\u00e1, no Agreste de Pernambuco. Ele estava foragido desde dezembro do ano passado, a partir de um mandado expedido pela Vara \u00danica da Comarca de Catende.<\/span><\/p>\n<p style=\"text-align: justify;\">Policiais realizavam uma fiscaliza\u00e7\u00e3o de combate \u00e0 alcoolemia no km 79 da rodovia, quando abordaram um carro com placas de Recife. Em consulta ao documento apresentado pelo motorista, foi descoberto que havia um mandado de pris\u00e3o em nome dele, emitido pelo Tribunal de Justi\u00e7a de Pernambuco (TJPE).<\/p>\n<p style=\"text-align: justify;\">O processo indicava que o homem \u00e9 suspeito de aplicar golpes ao se passar por propriet\u00e1rio de empreendimentos, para realizar o trespasse de empresas que n\u00e3o pertenciam a ele. O motorista foi encaminhado \u00e0 Delegacia de Pol\u00edcia Civil de Gravat\u00e1, para a continuidade dos procedimentos legais.<\/p>\n","protected":false},"excerpt":{"rendered":"<p>Um homem que era procurado pela justi\u00e7a por estelionato foi detido, na madrugada deste s\u00e1bado (9), pela Pol\u00edcia Rodovi\u00e1ria Federal&hellip;<\/p>\n","protected":false},"author":1,"featured_media":82038,"comment_status":"open","ping_status":"open","sticky":false,"template":"","format":"standard","meta":{"footnotes":""},"categories":[14121],"tags":[2,19532,3406,24380],"class_list":["post-82037","post","type-post","status-publish","format-standard","has-post-thumbnail","hentry","category-policial","tag-blog-do-edvaldo-magalhaes","tag-blog-mais-acessado-e-visualizado-de-caruaru-e-regiao","tag-caruaru","tag-procurado-pela-justica-por-estelionato-e-detido-pela-prf-na-br-232"],"_links":{"self":[{"href":"https:\/\/blogdoedvaldomagalhaes.com.br\/index.php\/wp-json\/wp\/v2\/posts\/82037","targetHints":{"allow":["GET"]}}],"collection":[{"href":"https:\/\/blogdoedvaldomagalhaes.com.br\/index.php\/wp-json\/wp\/v2\/posts"}],"about":[{"href":"https:\/\/blogdoedvaldomagalhaes.com.br\/index.php\/wp-json\/wp\/v2\/types\/post"}],"author":[{"embeddable":true,"href":"https:\/\/blogdoedvaldomagalhaes.com.br\/index.php\/wp-json\/wp\/v2\/users\/1"}],"replies":[{"embeddable":true,"href":"https:\/\/blogdoedvaldomagalhaes.com.br\/index.php\/wp-json\/wp\/v2\/comments?post=82037"}],"version-history":[{"count":1,"href":"https:\/\/blogdoedvaldomagalhaes.com.br\/index.php\/wp-json\/wp\/v2\/posts\/82037\/revisions"}],"predecessor-version":[{"id":82039,"href":"https:\/\/blogdoedvaldomagalhaes.com.br\/index.php\/wp-json\/wp\/v2\/posts\/82037\/revisions\/82039"}],"wp:featuredmedia":[{"embeddable":true,"href":"https:\/\/blogdoedvaldomagalhaes.com.br\/index.php\/wp-json\/wp\/v2\/media\/82038"}],"wp:attachment":[{"href":"https:\/\/blogdoedvaldomagalhaes.com.br\/index.php\/wp-json\/wp\/v2\/media?parent=82037"}],"wp:term":[{"taxonomy":"category","embeddable":true,"href":"https:\/\/blogdoedvaldomagalhaes.com.br\/index.php\/wp-json\/wp\/v2\/categories?post=82037"},{"taxonomy":"post_tag","embeddable":true,"href":"https:\/\/blogdoedvaldomagalhaes.com.br\/index.php\/wp-json\/wp\/v2\/tags?post=82037"}],"curies":[{"name":"wp","href":"https:\/\/api.w.org\/{rel}","templated":true}]}}