{"id":82035,"date":"2022-04-09T14:20:06","date_gmt":"2022-04-09T17:20:06","guid":{"rendered":"https:\/\/blogdoedvaldomagalhaes.com.br\/?p=82035"},"modified":"2022-04-09T14:20:07","modified_gmt":"2022-04-09T17:20:07","slug":"cargas-de-milho-com-75-toneladas-de-excesso-de-peso-sao-retidas-pela-prf","status":"publish","type":"post","link":"https:\/\/blogdoedvaldomagalhaes.com.br\/index.php\/2022\/04\/09\/cargas-de-milho-com-75-toneladas-de-excesso-de-peso-sao-retidas-pela-prf\/","title":{"rendered":"Cargas de milho com 75 toneladas de excesso de peso s\u00e3o retidas pela PRF"},"content":{"rendered":"<p style=\"text-align: justify;\"><span style=\"font-size: inherit;\">Duas cargas de milho com 75 toneladas de excesso de peso foram retidas na sexta-feira (8), pela Pol\u00edcia Rodovi\u00e1ria Federal (PRF) e 11\u00b0 Companhia Independente de Policia Militar (CIPM), na BR 423, em Lajedo, no Agreste de Pernambuco. As carretas que transportavam a mercadoria haviam sa\u00eddo de Lu\u00eds Eduardo Magalh\u00e3es, na Bahia, em dire\u00e7\u00e3o ao munic\u00edpio pernambucano.<\/span><\/p>\n<p style=\"text-align: justify;\">O flagrante foi realizado na Opera\u00e7\u00e3o Conflu\u00eancia durante a abordagem a duas carretas que trafegavam juntas, no km 60 da rodovia. Al\u00e9m do excesso de peso, foi constatado que as Autoriza\u00e7\u00f5es Especiais de Tr\u00e2nsito (AETs), documentos necess\u00e1rios para o deslocamento dos ve\u00edculos, estavam vencidas, o que agrava a infra\u00e7\u00e3o.<\/p>\n<p style=\"text-align: justify;\">Os motoristas tamb\u00e9m n\u00e3o portavam as notas fiscais da mercadoria, que s\u00f3 foram apresentadas posteriormente por meio digital. As carretas foram encaminhadas ao p\u00e1tio em Garanhuns, para realizar o transbordo da carga em excesso para outros ve\u00edculos.<\/p>\n\n\n<figure class=\"wp-block-image size-large\"><img loading=\"lazy\" decoding=\"async\" width=\"1024\" height=\"576\" src=\"https:\/\/blogdoedvaldomagalhaes.com.br\/wp-content\/uploads\/2022\/04\/IMG-20220409-WA0099-1024x576.jpg\" alt=\"\" class=\"wp-image-82033\" srcset=\"https:\/\/blogdoedvaldomagalhaes.com.br\/wp-content\/uploads\/2022\/04\/IMG-20220409-WA0099-1024x576.jpg 1024w, https:\/\/blogdoedvaldomagalhaes.com.br\/wp-content\/uploads\/2022\/04\/IMG-20220409-WA0099-300x169.jpg 300w, https:\/\/blogdoedvaldomagalhaes.com.br\/wp-content\/uploads\/2022\/04\/IMG-20220409-WA0099-768x432.jpg 768w, https:\/\/blogdoedvaldomagalhaes.com.br\/wp-content\/uploads\/2022\/04\/IMG-20220409-WA0099-1536x864.jpg 1536w, https:\/\/blogdoedvaldomagalhaes.com.br\/wp-content\/uploads\/2022\/04\/IMG-20220409-WA0099-1140x641.jpg 1140w, https:\/\/blogdoedvaldomagalhaes.com.br\/wp-content\/uploads\/2022\/04\/IMG-20220409-WA0099-720x405.jpg 720w, https:\/\/blogdoedvaldomagalhaes.com.br\/wp-content\/uploads\/2022\/04\/IMG-20220409-WA0099.jpg 1600w\" sizes=\"auto, (max-width: 1024px) 100vw, 1024px\" \/><figcaption>Fotos : Divulga\u00e7\u00e3o\/PRF<\/figcaption><\/figure>\n","protected":false},"excerpt":{"rendered":"<p>Duas cargas de milho com 75 toneladas de excesso de peso foram retidas na sexta-feira (8), pela Pol\u00edcia Rodovi\u00e1ria Federal&hellip;<\/p>\n","protected":false},"author":1,"featured_media":82032,"comment_status":"open","ping_status":"open","sticky":false,"template":"","format":"standard","meta":{"footnotes":""},"categories":[14121],"tags":[2,19532,24379,3406],"class_list":["post-82035","post","type-post","status-publish","format-standard","has-post-thumbnail","hentry","category-policial","tag-blog-do-edvaldo-magalhaes","tag-blog-mais-acessado-e-visualizado-de-caruaru-e-regiao","tag-cargas-de-milho-com-75-toneladas-de-excesso-de-peso-sao-retidas-pela-prf","tag-caruaru"],"_links":{"self":[{"href":"https:\/\/blogdoedvaldomagalhaes.com.br\/index.php\/wp-json\/wp\/v2\/posts\/82035","targetHints":{"allow":["GET"]}}],"collection":[{"href":"https:\/\/blogdoedvaldomagalhaes.com.br\/index.php\/wp-json\/wp\/v2\/posts"}],"about":[{"href":"https:\/\/blogdoedvaldomagalhaes.com.br\/index.php\/wp-json\/wp\/v2\/types\/post"}],"author":[{"embeddable":true,"href":"https:\/\/blogdoedvaldomagalhaes.com.br\/index.php\/wp-json\/wp\/v2\/users\/1"}],"replies":[{"embeddable":true,"href":"https:\/\/blogdoedvaldomagalhaes.com.br\/index.php\/wp-json\/wp\/v2\/comments?post=82035"}],"version-history":[{"count":1,"href":"https:\/\/blogdoedvaldomagalhaes.com.br\/index.php\/wp-json\/wp\/v2\/posts\/82035\/revisions"}],"predecessor-version":[{"id":82036,"href":"https:\/\/blogdoedvaldomagalhaes.com.br\/index.php\/wp-json\/wp\/v2\/posts\/82035\/revisions\/82036"}],"wp:featuredmedia":[{"embeddable":true,"href":"https:\/\/blogdoedvaldomagalhaes.com.br\/index.php\/wp-json\/wp\/v2\/media\/82032"}],"wp:attachment":[{"href":"https:\/\/blogdoedvaldomagalhaes.com.br\/index.php\/wp-json\/wp\/v2\/media?parent=82035"}],"wp:term":[{"taxonomy":"category","embeddable":true,"href":"https:\/\/blogdoedvaldomagalhaes.com.br\/index.php\/wp-json\/wp\/v2\/categories?post=82035"},{"taxonomy":"post_tag","embeddable":true,"href":"https:\/\/blogdoedvaldomagalhaes.com.br\/index.php\/wp-json\/wp\/v2\/tags?post=82035"}],"curies":[{"name":"wp","href":"https:\/\/api.w.org\/{rel}","templated":true}]}}