{"id":82027,"date":"2022-04-08T21:33:58","date_gmt":"2022-04-09T00:33:58","guid":{"rendered":"https:\/\/blogdoedvaldomagalhaes.com.br\/?p=82027"},"modified":"2022-04-08T21:33:58","modified_gmt":"2022-04-09T00:33:58","slug":"fagner-avalia-como-positivo-o-inicio-de-dialogo-com-prefeito-de-caruaru","status":"publish","type":"post","link":"https:\/\/blogdoedvaldomagalhaes.com.br\/index.php\/2022\/04\/08\/fagner-avalia-como-positivo-o-inicio-de-dialogo-com-prefeito-de-caruaru\/","title":{"rendered":"Fagner avalia como positivo o in\u00edcio de di\u00e1logo com prefeito de Caruaru"},"content":{"rendered":"<p style=\"text-align: justify;\"><span style=\"font-size: inherit;\">Em reuni\u00e3o realizada nesta sexta-feira (08) \u00e1 convite do novo prefeito de Caruaru, Rodrigo Pinheiro, o vereador Fagner Fernandes (PDT) avaliou de forma positiva o in\u00edcio do di\u00e1logo com a gest\u00e3o municipal.<\/span><\/p>\n<p style=\"text-align: justify;\">&#8220;Ao meu ver, a reuni\u00e3o foi produtiva, j\u00e1 que todos os vereadores apresentaram suas reivindica\u00e7\u00f5es, e o prefeito ouviu atentamente. Ele se comprometeu em nos atender quando poss\u00edvel e ficou de solicitar que os secret\u00e1rios ouvissem as demandas, n\u00e3o s\u00f3 dos vereadores da base, mas tamb\u00e9m os da oposi\u00e7\u00e3o&#8221;, disse o vereador.<\/p>\n<p style=\"text-align: justify;\">Entre as demandas apresentadas durante o encontro, Fagner destacou a import\u00e2ncia de continuar avan\u00e7ando em pautas que promovam o bem-estar animal no munic\u00edpio. Solicitou tamb\u00e9m que as reivindica\u00e7\u00f5es da bancada de oposi\u00e7\u00e3o fossem levadas em considera\u00e7\u00e3o, e pediu maior aten\u00e7\u00e3o por parte do Executivo Municipal aos projetos de lei aprovados na Casa, de autoria dos vereadores. &#8220;Seria muito importante que o prefeito desse valor as nossas propostas, e que a promulga\u00e7\u00e3o dos projetos de lei fosse feita em ato junto ao autor do PL&#8221;.<\/p>\n<p style=\"text-align: justify;\">Por \u00faltimo, o vereador pediu ao prefeito que diante de mat\u00e9rias pol\u00eamicas, os vereadores da oposi\u00e7\u00e3o fossem ouvidos e participassem ativamente da discuss\u00e3o e constru\u00e7\u00e3o de projetos enviados pelo Executivo.<\/p>\n\n\n<figure class=\"wp-block-image size-large\"><img loading=\"lazy\" decoding=\"async\" width=\"1024\" height=\"720\" src=\"https:\/\/blogdoedvaldomagalhaes.com.br\/wp-content\/uploads\/2022\/04\/IMG-20220408-WA0409-1024x720.jpg\" alt=\"\" class=\"wp-image-82029\" srcset=\"https:\/\/blogdoedvaldomagalhaes.com.br\/wp-content\/uploads\/2022\/04\/IMG-20220408-WA0409-1024x720.jpg 1024w, https:\/\/blogdoedvaldomagalhaes.com.br\/wp-content\/uploads\/2022\/04\/IMG-20220408-WA0409-300x211.jpg 300w, https:\/\/blogdoedvaldomagalhaes.com.br\/wp-content\/uploads\/2022\/04\/IMG-20220408-WA0409-768x540.jpg 768w, https:\/\/blogdoedvaldomagalhaes.com.br\/wp-content\/uploads\/2022\/04\/IMG-20220408-WA0409.jpg 1280w\" sizes=\"auto, (max-width: 1024px) 100vw, 1024px\" \/><figcaption>Fotos: Vlademir Barreto<\/figcaption><\/figure>\n","protected":false},"excerpt":{"rendered":"<p>Em reuni\u00e3o realizada nesta sexta-feira (08) \u00e1 convite do novo prefeito de Caruaru, Rodrigo Pinheiro, o vereador Fagner Fernandes (PDT)&hellip;<\/p>\n","protected":false},"author":1,"featured_media":82028,"comment_status":"open","ping_status":"open","sticky":false,"template":"","format":"standard","meta":{"footnotes":""},"categories":[14122],"tags":[2,19532,3406,24378],"class_list":["post-82027","post","type-post","status-publish","format-standard","has-post-thumbnail","hentry","category-politica","tag-blog-do-edvaldo-magalhaes","tag-blog-mais-acessado-e-visualizado-de-caruaru-e-regiao","tag-caruaru","tag-fagner-avalia-como-positivo-o-inicio-de-dialogo-com-prefeito-de-caruaru"],"_links":{"self":[{"href":"https:\/\/blogdoedvaldomagalhaes.com.br\/index.php\/wp-json\/wp\/v2\/posts\/82027","targetHints":{"allow":["GET"]}}],"collection":[{"href":"https:\/\/blogdoedvaldomagalhaes.com.br\/index.php\/wp-json\/wp\/v2\/posts"}],"about":[{"href":"https:\/\/blogdoedvaldomagalhaes.com.br\/index.php\/wp-json\/wp\/v2\/types\/post"}],"author":[{"embeddable":true,"href":"https:\/\/blogdoedvaldomagalhaes.com.br\/index.php\/wp-json\/wp\/v2\/users\/1"}],"replies":[{"embeddable":true,"href":"https:\/\/blogdoedvaldomagalhaes.com.br\/index.php\/wp-json\/wp\/v2\/comments?post=82027"}],"version-history":[{"count":1,"href":"https:\/\/blogdoedvaldomagalhaes.com.br\/index.php\/wp-json\/wp\/v2\/posts\/82027\/revisions"}],"predecessor-version":[{"id":82030,"href":"https:\/\/blogdoedvaldomagalhaes.com.br\/index.php\/wp-json\/wp\/v2\/posts\/82027\/revisions\/82030"}],"wp:featuredmedia":[{"embeddable":true,"href":"https:\/\/blogdoedvaldomagalhaes.com.br\/index.php\/wp-json\/wp\/v2\/media\/82028"}],"wp:attachment":[{"href":"https:\/\/blogdoedvaldomagalhaes.com.br\/index.php\/wp-json\/wp\/v2\/media?parent=82027"}],"wp:term":[{"taxonomy":"category","embeddable":true,"href":"https:\/\/blogdoedvaldomagalhaes.com.br\/index.php\/wp-json\/wp\/v2\/categories?post=82027"},{"taxonomy":"post_tag","embeddable":true,"href":"https:\/\/blogdoedvaldomagalhaes.com.br\/index.php\/wp-json\/wp\/v2\/tags?post=82027"}],"curies":[{"name":"wp","href":"https:\/\/api.w.org\/{rel}","templated":true}]}}