{"id":82023,"date":"2022-04-08T20:46:48","date_gmt":"2022-04-08T23:46:48","guid":{"rendered":"https:\/\/blogdoedvaldomagalhaes.com.br\/?p=82023"},"modified":"2022-04-08T20:46:49","modified_gmt":"2022-04-08T23:46:49","slug":"prefeito-de-caruaru-rodrigo-pinheiro-se-reune-com-vereadores-da-situacao-e-oposicao","status":"publish","type":"post","link":"https:\/\/blogdoedvaldomagalhaes.com.br\/index.php\/2022\/04\/08\/prefeito-de-caruaru-rodrigo-pinheiro-se-reune-com-vereadores-da-situacao-e-oposicao\/","title":{"rendered":"Prefeito de Caruaru Rodrigo Pinheiro se re\u00fane com vereadores da situa\u00e7\u00e3o e oposi\u00e7\u00e3o"},"content":{"rendered":"\n<p><\/p>\n\n\n<p style=\"text-align: justify;\">Atendendo ao convite do Prefeito Rodrigo Pinheiro, o Poder Legislativo de Caruaru, representado por suas vereadoras e vereadores esteve reunido, nesta sexta-feira (8), no centro de monitoramento da Prefeitura, para um bate-papo informal.<\/p>\n<p style=\"text-align: justify;\">O Presidente da C\u00e2mara, Bruno Lambreta, classificou o encontro como produtivo. &#8220;Foi uma reuni\u00e3o bastante descontra\u00edda, com votos de boas vindas, e serviu para estreitar os la\u00e7os entre os Poderes, visando o bem estar da popula\u00e7\u00e3o, com apresenta\u00e7\u00e3o de propostas e sugest\u00f5es de ambas as partes&#8221;, concluiu Lambreta.<\/p>\n\n\n<figure class=\"wp-block-image size-large\"><img loading=\"lazy\" decoding=\"async\" width=\"1024\" height=\"683\" src=\"https:\/\/blogdoedvaldomagalhaes.com.br\/wp-content\/uploads\/2022\/04\/IMG-20220408-WA0273-1024x683.jpg\" alt=\"\" class=\"wp-image-82025\" srcset=\"https:\/\/blogdoedvaldomagalhaes.com.br\/wp-content\/uploads\/2022\/04\/IMG-20220408-WA0273-1024x683.jpg 1024w, https:\/\/blogdoedvaldomagalhaes.com.br\/wp-content\/uploads\/2022\/04\/IMG-20220408-WA0273-300x200.jpg 300w, https:\/\/blogdoedvaldomagalhaes.com.br\/wp-content\/uploads\/2022\/04\/IMG-20220408-WA0273-768x512.jpg 768w, https:\/\/blogdoedvaldomagalhaes.com.br\/wp-content\/uploads\/2022\/04\/IMG-20220408-WA0273.jpg 1280w\" sizes=\"auto, (max-width: 1024px) 100vw, 1024px\" \/><figcaption>Fotos: Vladimir Barreto <\/figcaption><\/figure>\n","protected":false},"excerpt":{"rendered":"<p>Atendendo ao convite do Prefeito Rodrigo Pinheiro, o Poder Legislativo de Caruaru, representado por suas vereadoras e vereadores esteve reunido,&hellip;<\/p>\n","protected":false},"author":1,"featured_media":82024,"comment_status":"open","ping_status":"open","sticky":false,"template":"","format":"standard","meta":{"footnotes":""},"categories":[14122],"tags":[2,19532,3406,24377],"class_list":["post-82023","post","type-post","status-publish","format-standard","has-post-thumbnail","hentry","category-politica","tag-blog-do-edvaldo-magalhaes","tag-blog-mais-acessado-e-visualizado-de-caruaru-e-regiao","tag-caruaru","tag-prefeito-de-caruaru-rodrigo-pinheiro-se-reune-com-vereadores-da-situacao-e-oposicao"],"_links":{"self":[{"href":"https:\/\/blogdoedvaldomagalhaes.com.br\/index.php\/wp-json\/wp\/v2\/posts\/82023","targetHints":{"allow":["GET"]}}],"collection":[{"href":"https:\/\/blogdoedvaldomagalhaes.com.br\/index.php\/wp-json\/wp\/v2\/posts"}],"about":[{"href":"https:\/\/blogdoedvaldomagalhaes.com.br\/index.php\/wp-json\/wp\/v2\/types\/post"}],"author":[{"embeddable":true,"href":"https:\/\/blogdoedvaldomagalhaes.com.br\/index.php\/wp-json\/wp\/v2\/users\/1"}],"replies":[{"embeddable":true,"href":"https:\/\/blogdoedvaldomagalhaes.com.br\/index.php\/wp-json\/wp\/v2\/comments?post=82023"}],"version-history":[{"count":1,"href":"https:\/\/blogdoedvaldomagalhaes.com.br\/index.php\/wp-json\/wp\/v2\/posts\/82023\/revisions"}],"predecessor-version":[{"id":82026,"href":"https:\/\/blogdoedvaldomagalhaes.com.br\/index.php\/wp-json\/wp\/v2\/posts\/82023\/revisions\/82026"}],"wp:featuredmedia":[{"embeddable":true,"href":"https:\/\/blogdoedvaldomagalhaes.com.br\/index.php\/wp-json\/wp\/v2\/media\/82024"}],"wp:attachment":[{"href":"https:\/\/blogdoedvaldomagalhaes.com.br\/index.php\/wp-json\/wp\/v2\/media?parent=82023"}],"wp:term":[{"taxonomy":"category","embeddable":true,"href":"https:\/\/blogdoedvaldomagalhaes.com.br\/index.php\/wp-json\/wp\/v2\/categories?post=82023"},{"taxonomy":"post_tag","embeddable":true,"href":"https:\/\/blogdoedvaldomagalhaes.com.br\/index.php\/wp-json\/wp\/v2\/tags?post=82023"}],"curies":[{"name":"wp","href":"https:\/\/api.w.org\/{rel}","templated":true}]}}