{"id":82020,"date":"2022-04-08T20:26:26","date_gmt":"2022-04-08T23:26:26","guid":{"rendered":"https:\/\/blogdoedvaldomagalhaes.com.br\/?p=82020"},"modified":"2022-04-08T20:27:07","modified_gmt":"2022-04-08T23:27:07","slug":"lessa-participa-do-i-encontro-regional-dos-direitos-da-crianca-e-do-adolescente","status":"publish","type":"post","link":"https:\/\/blogdoedvaldomagalhaes.com.br\/index.php\/2022\/04\/08\/lessa-participa-do-i-encontro-regional-dos-direitos-da-crianca-e-do-adolescente\/","title":{"rendered":"Lessa participa do I Encontro Regional dos Direitos da Crian\u00e7a e do Adolescente"},"content":{"rendered":"<p style=\"text-align: justify;\"><span style=\"font-size: inherit;\">Aproximando o Legislativo estadual do sistema de prote\u00e7\u00e3o \u00e0 crian\u00e7a e ao adolescente, o deputado Erick Lessa participou, nesta sexta-feira (08), do I Encontro Regional dos Direitos da Crian\u00e7a e do Adolescente, edi\u00e7\u00e3o Agreste. O evento ocorreu em Bezerros, com organiza\u00e7\u00e3o do Conselho Municipal da Crian\u00e7a e do Adolescente de Bezerros (Comdica).<\/span><\/p>\n<p style=\"text-align: justify;\">Na ocasi\u00e3o, o deputado defendeu a uni\u00e3o dos conselheiros para fortalecimento da categoria. \u201cO trabalho desempenhado pelos conselheiros \u00e9 muito importante. \u00c9 preciso que a sociedade reconhe\u00e7a e valorize ainda mais os conselheiros. Neste contexto, os \u00f3rg\u00e3os respons\u00e1veis devem intensificar a fiscaliza\u00e7\u00e3o para garantir que as prefeituras disponibilizem a estrutura necess\u00e1ria para a atua\u00e7\u00e3o dos profissionais\u201d, declarou.<\/p>\n<p style=\"text-align: justify;\">Estiveram presentes no evento conselheiros tutelares e de direito de v\u00e1rios munic\u00edpios do interior do estado, a exemplo de Bezerros, Caruaru, Garanhuns, Santa Cruz do Capibaribe, Gl\u00f3ria do Goit\u00e1, Lagoa dos Gatos, Catende, Cabrob\u00f3, Panelas, Po\u00e7\u00e3o, Sanhar\u00f3 e Correntes, al\u00e9m de profissionais de v\u00e1rios setores da rede de prote\u00e7\u00e3o \u00e0 crian\u00e7a e ao adolescente.<\/p>\n<p style=\"text-align: justify;\">\nFoto: Viliane Gomes<\/p>\n","protected":false},"excerpt":{"rendered":"<p>Aproximando o Legislativo estadual do sistema de prote\u00e7\u00e3o \u00e0 crian\u00e7a e ao adolescente, o deputado Erick Lessa participou, nesta sexta-feira&hellip;<\/p>\n","protected":false},"author":1,"featured_media":82021,"comment_status":"open","ping_status":"open","sticky":false,"template":"","format":"standard","meta":{"footnotes":""},"categories":[14122],"tags":[2,19532,3406,24376],"class_list":["post-82020","post","type-post","status-publish","format-standard","has-post-thumbnail","hentry","category-politica","tag-blog-do-edvaldo-magalhaes","tag-blog-mais-acessado-e-visualizado-de-caruaru-e-regiao","tag-caruaru","tag-lessa-participa-do-i-encontro-regional-dos-direitos-da-crianca-e-do-adolescente"],"_links":{"self":[{"href":"https:\/\/blogdoedvaldomagalhaes.com.br\/index.php\/wp-json\/wp\/v2\/posts\/82020","targetHints":{"allow":["GET"]}}],"collection":[{"href":"https:\/\/blogdoedvaldomagalhaes.com.br\/index.php\/wp-json\/wp\/v2\/posts"}],"about":[{"href":"https:\/\/blogdoedvaldomagalhaes.com.br\/index.php\/wp-json\/wp\/v2\/types\/post"}],"author":[{"embeddable":true,"href":"https:\/\/blogdoedvaldomagalhaes.com.br\/index.php\/wp-json\/wp\/v2\/users\/1"}],"replies":[{"embeddable":true,"href":"https:\/\/blogdoedvaldomagalhaes.com.br\/index.php\/wp-json\/wp\/v2\/comments?post=82020"}],"version-history":[{"count":1,"href":"https:\/\/blogdoedvaldomagalhaes.com.br\/index.php\/wp-json\/wp\/v2\/posts\/82020\/revisions"}],"predecessor-version":[{"id":82022,"href":"https:\/\/blogdoedvaldomagalhaes.com.br\/index.php\/wp-json\/wp\/v2\/posts\/82020\/revisions\/82022"}],"wp:featuredmedia":[{"embeddable":true,"href":"https:\/\/blogdoedvaldomagalhaes.com.br\/index.php\/wp-json\/wp\/v2\/media\/82021"}],"wp:attachment":[{"href":"https:\/\/blogdoedvaldomagalhaes.com.br\/index.php\/wp-json\/wp\/v2\/media?parent=82020"}],"wp:term":[{"taxonomy":"category","embeddable":true,"href":"https:\/\/blogdoedvaldomagalhaes.com.br\/index.php\/wp-json\/wp\/v2\/categories?post=82020"},{"taxonomy":"post_tag","embeddable":true,"href":"https:\/\/blogdoedvaldomagalhaes.com.br\/index.php\/wp-json\/wp\/v2\/tags?post=82020"}],"curies":[{"name":"wp","href":"https:\/\/api.w.org\/{rel}","templated":true}]}}