{"id":82017,"date":"2022-04-08T19:37:12","date_gmt":"2022-04-08T22:37:12","guid":{"rendered":"https:\/\/blogdoedvaldomagalhaes.com.br\/?p=82017"},"modified":"2022-04-08T19:37:13","modified_gmt":"2022-04-08T22:37:13","slug":"vereador-jorge-quintino-fecha-com-marilia-arraes","status":"publish","type":"post","link":"https:\/\/blogdoedvaldomagalhaes.com.br\/index.php\/2022\/04\/08\/vereador-jorge-quintino-fecha-com-marilia-arraes\/","title":{"rendered":"Vereador Jorge Quintino fecha com Mar\u00edlia Arraes"},"content":{"rendered":"<p style=\"text-align: justify;\">O vereador Jorge Quintino (PTB) declarou nesta sexta-feira (08) que ir\u00e1 liderar o palanque de Mar\u00edlia Arraes (SD) em Caruaru.<\/p>\n<p style=\"text-align: justify;\">A not\u00edcia, que apesar de ter pego muitos de surpresa, j\u00e1 vem sido constru\u00edda desde meados do m\u00eas passado.<\/p>\n<p style=\"text-align: justify;\">O vereador \u00e9 o primeiro a declarar oficialmente apoio \u00e0 pr\u00e9 candidata ao Governo de Pernambuco.<\/p>\n","protected":false},"excerpt":{"rendered":"<p>O vereador Jorge Quintino (PTB) declarou nesta sexta-feira (08) que ir\u00e1 liderar o palanque de Mar\u00edlia Arraes (SD) em Caruaru.&hellip;<\/p>\n","protected":false},"author":1,"featured_media":82018,"comment_status":"open","ping_status":"open","sticky":false,"template":"","format":"standard","meta":{"footnotes":""},"categories":[14122],"tags":[2,19532,3406,24375],"class_list":["post-82017","post","type-post","status-publish","format-standard","has-post-thumbnail","hentry","category-politica","tag-blog-do-edvaldo-magalhaes","tag-blog-mais-acessado-e-visualizado-de-caruaru-e-regiao","tag-caruaru","tag-vereador-jorge-quintino-fecha-com-marilia-arraes"],"_links":{"self":[{"href":"https:\/\/blogdoedvaldomagalhaes.com.br\/index.php\/wp-json\/wp\/v2\/posts\/82017","targetHints":{"allow":["GET"]}}],"collection":[{"href":"https:\/\/blogdoedvaldomagalhaes.com.br\/index.php\/wp-json\/wp\/v2\/posts"}],"about":[{"href":"https:\/\/blogdoedvaldomagalhaes.com.br\/index.php\/wp-json\/wp\/v2\/types\/post"}],"author":[{"embeddable":true,"href":"https:\/\/blogdoedvaldomagalhaes.com.br\/index.php\/wp-json\/wp\/v2\/users\/1"}],"replies":[{"embeddable":true,"href":"https:\/\/blogdoedvaldomagalhaes.com.br\/index.php\/wp-json\/wp\/v2\/comments?post=82017"}],"version-history":[{"count":1,"href":"https:\/\/blogdoedvaldomagalhaes.com.br\/index.php\/wp-json\/wp\/v2\/posts\/82017\/revisions"}],"predecessor-version":[{"id":82019,"href":"https:\/\/blogdoedvaldomagalhaes.com.br\/index.php\/wp-json\/wp\/v2\/posts\/82017\/revisions\/82019"}],"wp:featuredmedia":[{"embeddable":true,"href":"https:\/\/blogdoedvaldomagalhaes.com.br\/index.php\/wp-json\/wp\/v2\/media\/82018"}],"wp:attachment":[{"href":"https:\/\/blogdoedvaldomagalhaes.com.br\/index.php\/wp-json\/wp\/v2\/media?parent=82017"}],"wp:term":[{"taxonomy":"category","embeddable":true,"href":"https:\/\/blogdoedvaldomagalhaes.com.br\/index.php\/wp-json\/wp\/v2\/categories?post=82017"},{"taxonomy":"post_tag","embeddable":true,"href":"https:\/\/blogdoedvaldomagalhaes.com.br\/index.php\/wp-json\/wp\/v2\/tags?post=82017"}],"curies":[{"name":"wp","href":"https:\/\/api.w.org\/{rel}","templated":true}]}}