{"id":82014,"date":"2022-04-08T19:22:16","date_gmt":"2022-04-08T22:22:16","guid":{"rendered":"https:\/\/blogdoedvaldomagalhaes.com.br\/?p=82014"},"modified":"2022-04-08T19:22:18","modified_gmt":"2022-04-08T22:22:18","slug":"caruaru-por-paixao-sera-realizado-entre-os-dias-9-e-17-de-abril","status":"publish","type":"post","link":"https:\/\/blogdoedvaldomagalhaes.com.br\/index.php\/2022\/04\/08\/caruaru-por-paixao-sera-realizado-entre-os-dias-9-e-17-de-abril\/","title":{"rendered":"Caruaru por Paix\u00e3o ser\u00e1 realizado entre os dias 9 e 17 de abril"},"content":{"rendered":"<p style=\"text-align: justify;\"><span style=\"font-size: inherit;\">Marcando a retomada dos eventos em nosso munic\u00edpio, o Caruaru por Paix\u00e3o 2022 vem, tradicionalmente, no per\u00edodo da Semana Santa, para valorizar os artistas e a arte. O evento acontecer\u00e1 entre os dias 9 e 17 de abril e contar\u00e1 com quatro polos: Feira de Caruaru, Meu Bom Jesus, Alto do Moura e Esta\u00e7\u00e3o Criativa.<\/span><\/p>\n<p style=\"text-align: justify;\">O Caruaru por Paix\u00e3o contar\u00e1 com mostra cultural, mercado criativo, apresenta\u00e7\u00f5es musicais, teatro, exposi\u00e7\u00f5es, food park, festival de gastronomia e passeio motocicl\u00edstico. &#8220;Esse \u00e9 o pontap\u00e9 inicial para a volta dos grandes projetos culturais para a valoriza\u00e7\u00e3o da nossa arte. Estamos com uma programa\u00e7\u00e3o repleta de muita cultura popular para os caruaruenses e para recepcionar turistas que passam pela Feira de Caruaru antes de seguir para Nova Jerusal\u00e9m&#8221;, destacou o prefeito Rodrigo Pinheiro.<\/p>\n<p style=\"text-align: justify;\">Cada polo trar\u00e1 uma experi\u00eancia \u00fanica para quem frequentar, todos marcados por apresenta\u00e7\u00f5es culturais. Na Feira de Artesanato, bandas de p\u00edfanos, declama\u00e7\u00e3o, trios p\u00e9s-de-serra e cantores de forr\u00f3 estar\u00e3o se apresentando de forma itinerante. O Monte Bom Jesus receber\u00e1 cinema e teatro. J\u00e1 o Alto do Moura contar\u00e1 com exposi\u00e7\u00e3o de arte e programa\u00e7\u00e3o religiosa. A Esta\u00e7\u00e3o Criativa, por sua vez, oferecer\u00e1 mostra musical, teatro, oficinas, mercado criativo, food park, recrea\u00e7\u00e3o infantil e muito mais.<\/p>\n<p style=\"text-align: justify;\">Al\u00e9m disso, haver\u00e1 atra\u00e7\u00f5es no novo Mercado Cultural (Casa Rosa).<\/p>\n<p style=\"text-align: justify;\">Programa\u00e7\u00e3o<\/p>\n<p style=\"text-align: justify;\">Polo Feira de Caruaru<br \/>\n(de 9 a 16 de abril)<\/p>\n<p style=\"text-align: justify;\">9 de abril (s\u00e1bado)<\/p>\n<p style=\"text-align: justify;\">8h &#8211; Banda de P\u00edfano Alvorada<br \/>\n10h &#8211; Trio Arupemba<br \/>\n12h \u2013 Ivan Show<\/p>\n<p style=\"text-align: justify;\">10 de abril (domingo)<\/p>\n<p style=\"text-align: justify;\">8h &#8211; Banda de P\u00edfano Nossa Sra das Gra\u00e7as<br \/>\n10h &#8211; Trio Carrapicho<br \/>\n12h \u2013 \u00c9lida Medon\u00e7a<\/p>\n<p style=\"text-align: justify;\">14 de abril (quinta-feira)<\/p>\n<p style=\"text-align: justify;\">8h &#8211; Banda de P\u00edfanos Vitoriano Jovem<br \/>\n10h -Trio Remelexo<br \/>\n12h \u2013 Dinho Nascimento<\/p>\n<p style=\"text-align: justify;\">15 de abril (sexta-feira)<\/p>\n<p style=\"text-align: justify;\">8h &#8211; Banda de P\u00edfanos Vitoriano Jovem<br \/>\n10h &#8211; Trio Fole de Ouro<br \/>\n12h &#8211; Mobral<\/p>\n<p style=\"text-align: justify;\">16 de abril (s\u00e1bado)<\/p>\n<p style=\"text-align: justify;\">8h &#8211; Banda de P\u00edfanos Princesa do Agreste<br \/>\n10h &#8211; Trio Forr\u00f3 Quent\u00e3o<br \/>\n12h &#8211; Barth\u00f4<\/p>\n<p style=\"text-align: justify;\">Polo Meu Bom Jesus<br \/>\n(de 10 a 17 de abril)<\/p>\n<p>10 de abril (domingo)<\/p>\n<p>15h &#8211; Banda de P\u00edfanos Alvorada<br \/>\n17h \u2013 P\u00f4r do sol no monte com o grupo de chorinho Cambuc\u00e1<br \/>\n19h &#8211; O Cinema Sobe o Monte<\/p>\n<p>15 de abril (sexta-feira)<\/p>\n<p>15h &#8211; Banda de P\u00edfanos Nossa Senhora das Gra\u00e7as<br \/>\n17h \u2013 P\u00f4r do sol no monte com Vicky Haruno<\/p>\n<p>16 de abril (s\u00e1bado)<\/p>\n<p>15h &#8211; Banda de P\u00edfanos Vitoriano Jovem<br \/>\n17h &#8211; P\u00f4r do sol no Monte com Thayse Luck<\/p>\n<p>17 de abril (domingo)<\/p>\n<p>15h &#8211; Banda de P\u00edfanos Cultural de Caruaru<br \/>\n17h &#8211; P\u00f4r do sol Instrumental com Vit\u00f3ria do Pife<br \/>\n19h &#8211; Espet\u00e1culo Padre C\u00edcero, a f\u00e9 &#8211; Esperan\u00e7a de um povo nordestino<br \/>\n20h \u2013 O Cinema sobe o Monte<\/p>\n<p>Polo Alto do Moura<br \/>\n(de 9 a 17 de abril)<\/p>\n<p>9 de abril (s\u00e1bado)<\/p>\n<p>10h &#8211; Banda de P\u00edfanos Vitoriano Jovem<br \/>\n12h \u2013 Trio Carrapicho<\/p>\n<p>10 de abril (domingo)<\/p>\n<p>10h &#8211; Banda de P\u00edfanos Princesa do Agreste<br \/>\n12h \u2013 Trio Caf\u00e9 com Leite<\/p>\n<p>14 de abril (quinta-feira)<\/p>\n<p>20h &#8211; Seresta do Alto do Moura<br \/>\n21h &#8211; Mazurca do Alto do Moura<\/p>\n<p>16 de abril (s\u00e1bado)<\/p>\n<p>10h &#8211; Banda de P\u00edfanos Alvorada<br \/>\n12h &#8211; Trio Tabajara<\/p>\n<p>17 de abril (domingo)<\/p>\n<p>8h &#8211; Feira Cultural do Alto do Moura<br \/>\n10h &#8211; Banda de P\u00edfano Nossa Senhora das Gra\u00e7as<br \/>\n12h &#8211; Trio Carrapicho<\/p>\n<p>Polo Esta\u00e7\u00e3o Criativa<br \/>\n(de 14 a 17 de abril)<\/p>\n<p>14 de abril (quinta-feira)<\/p>\n<p>16h &#8211; Oficina de P\u00edfanos<br \/>\n18h &#8211; Oficina de Berimbau<br \/>\n20h &#8211; Show de Rog\u00e9ria Dera<br \/>\n22h &#8211; Show de Colibri Brasil<\/p>\n<p>15 de abril (sexta-feira)<\/p>\n<p>16h &#8211; Oficina Bumba meu Boi<br \/>\n19h &#8211; Encena\u00e7\u00e3o da Paix\u00e3o de Cristo<br \/>\n20h30 &#8211; Show de Nika Macedo<br \/>\n22h30 &#8211; Show de Erisson Porto<\/p>\n<p>16 de abril (s\u00e1bado)<\/p>\n<p>16h \u2013 Oficina de Cordel<br \/>\n18h \u2013 Oficina de Arte Visual<br \/>\n20h &#8211; Show da Banda Os Outros Caras<br \/>\n22h &#8211; Show de Joanathan Richard<\/p>\n<p>17 de abril (domingo)<\/p>\n<p>15h- Oficina de Pernas-de-pau<br \/>\n17h &#8211; Programa\u00e7\u00e3o Infantil<br \/>\n19h &#8211; Mamuseb\u00e1<\/p>\n","protected":false},"excerpt":{"rendered":"<p>Marcando a retomada dos eventos em nosso munic\u00edpio, o Caruaru por Paix\u00e3o 2022 vem, tradicionalmente, no per\u00edodo da Semana Santa,&hellip;<\/p>\n","protected":false},"author":1,"featured_media":82015,"comment_status":"open","ping_status":"open","sticky":false,"template":"","format":"standard","meta":{"footnotes":""},"categories":[14120],"tags":[992,19532,3406,24374],"class_list":["post-82014","post","type-post","status-publish","format-standard","has-post-thumbnail","hentry","category-noticias","tag-blog-do-edvaldo-do-magalhaes","tag-blog-mais-acessado-e-visualizado-de-caruaru-e-regiao","tag-caruaru","tag-caruaru-por-paixao-sera-realizado-entre-os-dias-9-e-17-de-abril"],"_links":{"self":[{"href":"https:\/\/blogdoedvaldomagalhaes.com.br\/index.php\/wp-json\/wp\/v2\/posts\/82014","targetHints":{"allow":["GET"]}}],"collection":[{"href":"https:\/\/blogdoedvaldomagalhaes.com.br\/index.php\/wp-json\/wp\/v2\/posts"}],"about":[{"href":"https:\/\/blogdoedvaldomagalhaes.com.br\/index.php\/wp-json\/wp\/v2\/types\/post"}],"author":[{"embeddable":true,"href":"https:\/\/blogdoedvaldomagalhaes.com.br\/index.php\/wp-json\/wp\/v2\/users\/1"}],"replies":[{"embeddable":true,"href":"https:\/\/blogdoedvaldomagalhaes.com.br\/index.php\/wp-json\/wp\/v2\/comments?post=82014"}],"version-history":[{"count":1,"href":"https:\/\/blogdoedvaldomagalhaes.com.br\/index.php\/wp-json\/wp\/v2\/posts\/82014\/revisions"}],"predecessor-version":[{"id":82016,"href":"https:\/\/blogdoedvaldomagalhaes.com.br\/index.php\/wp-json\/wp\/v2\/posts\/82014\/revisions\/82016"}],"wp:featuredmedia":[{"embeddable":true,"href":"https:\/\/blogdoedvaldomagalhaes.com.br\/index.php\/wp-json\/wp\/v2\/media\/82015"}],"wp:attachment":[{"href":"https:\/\/blogdoedvaldomagalhaes.com.br\/index.php\/wp-json\/wp\/v2\/media?parent=82014"}],"wp:term":[{"taxonomy":"category","embeddable":true,"href":"https:\/\/blogdoedvaldomagalhaes.com.br\/index.php\/wp-json\/wp\/v2\/categories?post=82014"},{"taxonomy":"post_tag","embeddable":true,"href":"https:\/\/blogdoedvaldomagalhaes.com.br\/index.php\/wp-json\/wp\/v2\/tags?post=82014"}],"curies":[{"name":"wp","href":"https:\/\/api.w.org\/{rel}","templated":true}]}}