{"id":8191,"date":"2016-09-25T15:31:00","date_gmt":"2016-09-25T18:31:00","guid":{"rendered":"http:\/\/blogdoedvaldomagalhaes.com.br\/index.php\/2016\/09\/25\/jorge-gomes-e-louise-caroline\/"},"modified":"2019-02-09T01:00:29","modified_gmt":"2019-02-09T03:00:29","slug":"jorge-gomes-e-louise-caroline","status":"publish","type":"post","link":"https:\/\/blogdoedvaldomagalhaes.com.br\/index.php\/2016\/09\/25\/jorge-gomes-e-louise-caroline\/","title":{"rendered":"Jorge Gomes e Louise Caroline participam de plen\u00e1ria LGBT"},"content":{"rendered":"<div class=\"separator\" style=\"clear: both; text-align: center;\">\n<a href=\"https:\/\/2.bp.blogspot.com\/-Pw8qB3SE_jE\/V-ftf2bM9rI\/AAAAAAAAG-M\/jjLIdpDASPoktLfkjYp-88Md1mSgCIAzACLcB\/s1600\/gays.jpg\" imageanchor=\"1\" style=\"margin-left: 1em; margin-right: 1em;\"><img loading=\"lazy\" decoding=\"async\" border=\"0\" height=\"266\" src=\"http:\/\/blogdoedvaldomagalhaes.com.br\/wp-content\/uploads\/2016\/09\/gays.jpg\" width=\"400\" \/><\/a><\/div>\n<div dir=\"ltr\" style=\"background-color: white; color: #222222; text-align: justify;\">\n<\/div>\n<div dir=\"ltr\" style=\"background-color: white; color: #222222; text-align: justify;\">\nNa tarde desse s\u00e1bado (24), o candidato Jorge Gomes (PSB), acompanhado da sua vice, Louise Caroline (PT), se reuniu com um grupo LGBT. Entre os assuntos discutidos, foram citadas algumas a\u00e7\u00f5es que foram implantadas durante o governo de Z\u00e9 Queiroz\/Jorge Gomes, como a Secretaria da Mulher e de Direitos Humanos e da Participa\u00e7\u00e3o Social. Os participantes deram v\u00e1rias sugest\u00f5es para avan\u00e7ar na discuss\u00e3o sobre as pol\u00edticas p\u00fablicas, como debater o tema nas escolas cada vez mais, a cria\u00e7\u00e3o de uma coordenadoria e de um Centro de Refer\u00eancia LGBT. &#8220;Precisamos garantir que esse tema seja discutido. No governo de Z\u00e9, tivemos in\u00fameras conquistas. Sabemos que tamb\u00e9m teremos com Jorge&#8221;, afirmou o assessor LGBT, Felipe Ant\u00f4nio.<\/div>\n<div dir=\"ltr\" style=\"background-color: white; color: #222222; text-align: justify;\">\n<\/div>\n<div dir=\"ltr\" style=\"background-color: white; color: #222222; text-align: justify;\">\nEmerson Santos, que participa de um movimento LGBT da cidade, falou da import\u00e2ncia em tratar desse assunto em uma gest\u00e3o. &#8220;J\u00e1 conseguimos avan\u00e7ar,&nbsp;mas ainda tem muito o que fazer para que a gente tenha uma sociedade mais igualit\u00e1ria, com respeito \u00e0 diversidade\u201d. Jorge&nbsp;afirmou que haver\u00e1 continua\u00e7\u00e3o dos trabalhos. &#8220;Vamos lutar mais e mais pelos direitos humanos. A sociedade precisar respeitar a todos.&#8221;<\/div>\n<div dir=\"ltr\" style=\"background-color: white; color: #222222; text-align: justify;\">\n<\/div>\n<div dir=\"ltr\" style=\"background-color: white; color: #222222; text-align: justify;\">\nFinalizando este momento, Louise tamb\u00e9m falou do seu apoio e de Jorge em tratar desse tema na nossa cidade. &#8220;A grande ousadia de Z\u00e9 Queiroz e Jorge Gomes de dar espa\u00e7o e levantar as pautas LGBT em Caruaru mostram o quanto esse grupo pol\u00edtico \u00e9, sim, o grupo que mais colabora para que as pautas da comunidade LGBT tenham sempre seu espa\u00e7o garantido&#8221;.<\/div>\n","protected":false},"excerpt":{"rendered":"<p>Na tarde desse s\u00e1bado (24), o candidato Jorge Gomes (PSB), acompanhado da sua vice, Louise Caroline (PT), se reuniu com&hellip;<\/p>\n","protected":false},"author":1,"featured_media":0,"comment_status":"open","ping_status":"open","sticky":false,"template":"","format":"standard","meta":{"footnotes":""},"categories":[1],"tags":[2,11431,12081,12082,5152,3121],"class_list":["post-8191","post","type-post","status-publish","format-standard","hentry","category-sem-categoria","tag-blog-do-edvaldo-magalhaes","tag-eleicoes-2016","tag-felipe-antonio","tag-jorge-gomes-e-louise-caroline-participam-de-plenaria-lgbt","tag-jose-queiroz","tag-noticias-da-politica"],"_links":{"self":[{"href":"https:\/\/blogdoedvaldomagalhaes.com.br\/index.php\/wp-json\/wp\/v2\/posts\/8191","targetHints":{"allow":["GET"]}}],"collection":[{"href":"https:\/\/blogdoedvaldomagalhaes.com.br\/index.php\/wp-json\/wp\/v2\/posts"}],"about":[{"href":"https:\/\/blogdoedvaldomagalhaes.com.br\/index.php\/wp-json\/wp\/v2\/types\/post"}],"author":[{"embeddable":true,"href":"https:\/\/blogdoedvaldomagalhaes.com.br\/index.php\/wp-json\/wp\/v2\/users\/1"}],"replies":[{"embeddable":true,"href":"https:\/\/blogdoedvaldomagalhaes.com.br\/index.php\/wp-json\/wp\/v2\/comments?post=8191"}],"version-history":[{"count":1,"href":"https:\/\/blogdoedvaldomagalhaes.com.br\/index.php\/wp-json\/wp\/v2\/posts\/8191\/revisions"}],"predecessor-version":[{"id":12720,"href":"https:\/\/blogdoedvaldomagalhaes.com.br\/index.php\/wp-json\/wp\/v2\/posts\/8191\/revisions\/12720"}],"wp:attachment":[{"href":"https:\/\/blogdoedvaldomagalhaes.com.br\/index.php\/wp-json\/wp\/v2\/media?parent=8191"}],"wp:term":[{"taxonomy":"category","embeddable":true,"href":"https:\/\/blogdoedvaldomagalhaes.com.br\/index.php\/wp-json\/wp\/v2\/categories?post=8191"},{"taxonomy":"post_tag","embeddable":true,"href":"https:\/\/blogdoedvaldomagalhaes.com.br\/index.php\/wp-json\/wp\/v2\/tags?post=8191"}],"curies":[{"name":"wp","href":"https:\/\/api.w.org\/{rel}","templated":true}]}}