{"id":8190,"date":"2016-09-25T15:35:00","date_gmt":"2016-09-25T18:35:00","guid":{"rendered":"http:\/\/blogdoedvaldomagalhaes.com.br\/index.php\/2016\/09\/25\/tony-gel-promete-festividades\/"},"modified":"2019-02-09T01:00:29","modified_gmt":"2019-02-09T03:00:29","slug":"tony-gel-promete-festividades","status":"publish","type":"post","link":"https:\/\/blogdoedvaldomagalhaes.com.br\/index.php\/2016\/09\/25\/tony-gel-promete-festividades\/","title":{"rendered":"Tony Gel promete festividades religiosas a mebros das Igrejas Evang\u00e9licas tamb\u00e9m no S\u00e3o Jo\u00e3o"},"content":{"rendered":"<div class=\"separator\" style=\"clear: both; text-align: center;\">\n<a href=\"https:\/\/4.bp.blogspot.com\/-5hcCe4zbrP8\/V-frQ_SPuoI\/AAAAAAAAG-A\/lf_Xh0Agv2Y-u_pz7rel9cN-oTs5oWFGACLcB\/s1600\/tony.jpg\" imageanchor=\"1\" style=\"margin-left: 1em; margin-right: 1em;\"><img loading=\"lazy\" decoding=\"async\" border=\"0\" height=\"265\" src=\"http:\/\/blogdoedvaldomagalhaes.com.br\/wp-content\/uploads\/2016\/09\/tony-4.jpg\" width=\"400\" \/><\/a><\/div>\n<p><br style=\"background-color: white; color: #222222; font-family: arial, sans-serif; font-size: 12.8px;\" \/><\/p>\n<div style=\"text-align: justify;\">\nO candidato a prefeito de Caruaru, Tony Gel (PMDB), participou na manh\u00e3 desse s\u00e1bado (24) de encontro promovido por lideran\u00e7as evang\u00e9licas da cidade, entre pastores, presb\u00edteros e representantes de igrejas. Na oportunidade, Tony Gel iniciou dizendo que sempre deu apoio \u00e0s igrejas evang\u00e9licas do munic\u00edpio pelo trabalho que desempenham na sociedade. &#8220;As igrejas desenvolvem um trabalho social magn\u00edfico. Sempre fomos parceiros das lideran\u00e7as evang\u00e9licas de Caruaru e assim seremos no nosso governo&#8221;, disse.<\/div>\n<p><\/p>\n<div style=\"text-align: justify;\">\n<\/div>\n<div style=\"text-align: justify;\">\nTony Gel lembrou ainda sobre as festividades promovidas pelas igrejas e que nos \u00faltimos anos perderam apoio da Prefeitura Municipal. &#8220;Eu n\u00e3o vejo porque n\u00e3o apoiar eventos religiosos. Temos que incentivar esses eventos porque faz bem para a sociedade. N\u00e3o vejo dificuldades em apoiar a marcha para Jesus e o polo gospel na \u00e9poca de S\u00e3o Jo\u00e3o, por exemplo. Devemos organizar os eventos e realiz\u00e1-los na cidade&#8221;, ressaltou o candidato.<\/div>\n","protected":false},"excerpt":{"rendered":"<p>O candidato a prefeito de Caruaru, Tony Gel (PMDB), participou na manh\u00e3 desse s\u00e1bado (24) de encontro promovido por lideran\u00e7as&hellip;<\/p>\n","protected":false},"author":1,"featured_media":0,"comment_status":"open","ping_status":"open","sticky":false,"template":"","format":"standard","meta":{"footnotes":""},"categories":[1],"tags":[2,11431,3121,12080],"class_list":["post-8190","post","type-post","status-publish","format-standard","hentry","category-sem-categoria","tag-blog-do-edvaldo-magalhaes","tag-eleicoes-2016","tag-noticias-da-politica","tag-tony-gel-promete-festividades-religiosas-a-membros-das-igrejas-evangelicas-tambem-no-sao-joao"],"_links":{"self":[{"href":"https:\/\/blogdoedvaldomagalhaes.com.br\/index.php\/wp-json\/wp\/v2\/posts\/8190","targetHints":{"allow":["GET"]}}],"collection":[{"href":"https:\/\/blogdoedvaldomagalhaes.com.br\/index.php\/wp-json\/wp\/v2\/posts"}],"about":[{"href":"https:\/\/blogdoedvaldomagalhaes.com.br\/index.php\/wp-json\/wp\/v2\/types\/post"}],"author":[{"embeddable":true,"href":"https:\/\/blogdoedvaldomagalhaes.com.br\/index.php\/wp-json\/wp\/v2\/users\/1"}],"replies":[{"embeddable":true,"href":"https:\/\/blogdoedvaldomagalhaes.com.br\/index.php\/wp-json\/wp\/v2\/comments?post=8190"}],"version-history":[{"count":1,"href":"https:\/\/blogdoedvaldomagalhaes.com.br\/index.php\/wp-json\/wp\/v2\/posts\/8190\/revisions"}],"predecessor-version":[{"id":12722,"href":"https:\/\/blogdoedvaldomagalhaes.com.br\/index.php\/wp-json\/wp\/v2\/posts\/8190\/revisions\/12722"}],"wp:attachment":[{"href":"https:\/\/blogdoedvaldomagalhaes.com.br\/index.php\/wp-json\/wp\/v2\/media?parent=8190"}],"wp:term":[{"taxonomy":"category","embeddable":true,"href":"https:\/\/blogdoedvaldomagalhaes.com.br\/index.php\/wp-json\/wp\/v2\/categories?post=8190"},{"taxonomy":"post_tag","embeddable":true,"href":"https:\/\/blogdoedvaldomagalhaes.com.br\/index.php\/wp-json\/wp\/v2\/tags?post=8190"}],"curies":[{"name":"wp","href":"https:\/\/api.w.org\/{rel}","templated":true}]}}