{"id":8184,"date":"2016-09-26T15:37:00","date_gmt":"2016-09-26T18:37:00","guid":{"rendered":"http:\/\/blogdoedvaldomagalhaes.com.br\/index.php\/2016\/09\/26\/eleitor-nao-podera-ser-preso-partir\/"},"modified":"2019-02-09T01:00:34","modified_gmt":"2019-02-09T03:00:34","slug":"eleitor-nao-podera-ser-preso-partir","status":"publish","type":"post","link":"https:\/\/blogdoedvaldomagalhaes.com.br\/index.php\/2016\/09\/26\/eleitor-nao-podera-ser-preso-partir\/","title":{"rendered":"Eleitor n\u00e3o poder\u00e1 ser preso a partir desta ter\u00e7a-feira"},"content":{"rendered":"<p><\/p>\n<div class=\"separator\" style=\"clear: both; text-align: center;\">\n<a href=\"https:\/\/4.bp.blogspot.com\/-UvbneqZieeo\/V-lAVjHzYUI\/AAAAAAAAG_Q\/TtWeH5aeAKQgHylA8cTcDGa4lhmKaeAxwCLcB\/s1600\/priso.jpg\" imageanchor=\"1\" style=\"margin-left: 1em; margin-right: 1em;\"><img loading=\"lazy\" decoding=\"async\" border=\"0\" height=\"256\" src=\"http:\/\/blogdoedvaldomagalhaes.com.br\/wp-content\/uploads\/2016\/09\/priso.jpg\" width=\"400\" \/><\/a><\/div>\n<div style=\"text-align: justify;\">\n<\/div>\n<div style=\"text-align: justify;\">\nA partir desta ter\u00e7a-feira (27), o eleitor s\u00f3 poder\u00e1 ser preso&nbsp;se for em flagrante delito ou em virtude de senten\u00e7a criminal condenat\u00f3ria por crime inafian\u00e7\u00e1vel. Em&nbsp;nenhum outro caso, o eleitor poder\u00e1 ser preso, isto ocorre cinco dias antes das elei\u00e7\u00f5es e 48 horas depois do encerramento das elei\u00e7\u00f5es.<\/div>\n<div style=\"text-align: justify;\">\n<\/p>\n<div>\n<\/div>\n<div>\nA Secretaria de Defesa Social (SDS) informou a todos seus \u00f3rg\u00e3os operativos orientando sobre o cumprimento do C\u00f3digo Eleitoral. Ocorrendo qualquer pris\u00e3o, nas condi\u00e7\u00f5es permitidas pela Justi\u00e7a Eleitoral, o preso dever\u00e1 ser imediatamente conduzido \u00e0 presen\u00e7a do juiz competente,&nbsp;cumprindo o art. 236 do C\u00f3digo Eleitoral.&nbsp;<\/div>\n<div style=\"font-family: Arial, Helvetica, sans-serif;\">\n<\/div>\n<div style=\"font-family: Arial, Helvetica, sans-serif;\">\n&nbsp;Ocorrendo qualquer pris\u00e3o, nas condi\u00e7\u00f5es permitidas pelo C\u00f3digo Eleitoral, o preso dever\u00e1 ser imediatamente conduzido \u00e0 presen\u00e7a do juiz competente.<\/div>\n<\/div>\n<p><\/p>\n<div style=\"text-align: justify;\">\nNa ter\u00e7a-feira (04\/10), \u00e0s 17:h01 os trabalhos policiais voltam \u00e0 normalidade em obedi\u00eancia \u00e0 legisla\u00e7\u00e3o eleitoral.<\/div>\n","protected":false},"excerpt":{"rendered":"<p>A partir desta ter\u00e7a-feira (27), o eleitor s\u00f3 poder\u00e1 ser preso&nbsp;se for em flagrante delito ou em virtude de senten\u00e7a&hellip;<\/p>\n","protected":false},"author":1,"featured_media":0,"comment_status":"open","ping_status":"open","sticky":false,"template":"","format":"standard","meta":{"footnotes":""},"categories":[1],"tags":[2,11431,12067,3620,4856],"class_list":["post-8184","post","type-post","status-publish","format-standard","hentry","category-sem-categoria","tag-blog-do-edvaldo-magalhaes","tag-eleicoes-2016","tag-eleitor-nao-podera-ser-preso-a-partir-desta-terca-feira","tag-sds","tag-secretaria-de-defesa-social"],"_links":{"self":[{"href":"https:\/\/blogdoedvaldomagalhaes.com.br\/index.php\/wp-json\/wp\/v2\/posts\/8184","targetHints":{"allow":["GET"]}}],"collection":[{"href":"https:\/\/blogdoedvaldomagalhaes.com.br\/index.php\/wp-json\/wp\/v2\/posts"}],"about":[{"href":"https:\/\/blogdoedvaldomagalhaes.com.br\/index.php\/wp-json\/wp\/v2\/types\/post"}],"author":[{"embeddable":true,"href":"https:\/\/blogdoedvaldomagalhaes.com.br\/index.php\/wp-json\/wp\/v2\/users\/1"}],"replies":[{"embeddable":true,"href":"https:\/\/blogdoedvaldomagalhaes.com.br\/index.php\/wp-json\/wp\/v2\/comments?post=8184"}],"version-history":[{"count":1,"href":"https:\/\/blogdoedvaldomagalhaes.com.br\/index.php\/wp-json\/wp\/v2\/posts\/8184\/revisions"}],"predecessor-version":[{"id":12733,"href":"https:\/\/blogdoedvaldomagalhaes.com.br\/index.php\/wp-json\/wp\/v2\/posts\/8184\/revisions\/12733"}],"wp:attachment":[{"href":"https:\/\/blogdoedvaldomagalhaes.com.br\/index.php\/wp-json\/wp\/v2\/media?parent=8184"}],"wp:term":[{"taxonomy":"category","embeddable":true,"href":"https:\/\/blogdoedvaldomagalhaes.com.br\/index.php\/wp-json\/wp\/v2\/categories?post=8184"},{"taxonomy":"post_tag","embeddable":true,"href":"https:\/\/blogdoedvaldomagalhaes.com.br\/index.php\/wp-json\/wp\/v2\/tags?post=8184"}],"curies":[{"name":"wp","href":"https:\/\/api.w.org\/{rel}","templated":true}]}}