{"id":818,"date":"2018-11-02T22:05:00","date_gmt":"2018-11-03T00:05:00","guid":{"rendered":"http:\/\/blogdoedvaldomagalhaes.com.br\/index.php\/2018\/11\/02\/morre-josimar-henrique-fundador-da\/"},"modified":"2019-02-09T02:38:03","modified_gmt":"2019-02-09T04:38:03","slug":"morre-josimar-henrique-fundador-da","status":"publish","type":"post","link":"https:\/\/blogdoedvaldomagalhaes.com.br\/index.php\/2018\/11\/02\/morre-josimar-henrique-fundador-da\/","title":{"rendered":"Morre Josimar Henrique &#8211; fundador da ind\u00fastria farmac\u00eautica Hebron"},"content":{"rendered":"<div class=\"separator\" style=\"clear: both; text-align: center;\">\n<a href=\"https:\/\/4.bp.blogspot.com\/-snn1ryWMeYw\/W9zJkhKsrfI\/AAAAAAAA83A\/naEm8gnH1hU1zxPFZtUe9tO8LgHMOGRtgCLcBGAs\/s1600\/IMG-20181102-WA0174.jpg\" imageanchor=\"1\" style=\"margin-left: 1em; margin-right: 1em;\"><img loading=\"lazy\" decoding=\"async\" border=\"0\" data-original-height=\"529\" data-original-width=\"717\" height=\"472\" src=\"http:\/\/blogdoedvaldomagalhaes.com.br\/wp-content\/uploads\/2018\/11\/IMG-20181102-WA0174.jpg\" width=\"640\" \/><\/a><\/div>\n<p><\/p>\n<div style=\"text-align: justify;\">\nFaleceu nesta sexta-feira (02), em Recife, o empres\u00e1rio caruaruense Josimar Henrique, aos 67 anos. Josimar foi secret\u00e1rio municipal de Caruaru na gest\u00e3o Tony Gel, presbit\u00e9rio na Primeira Igreja Presbiteriana de Recife e propriet\u00e1rio da ind\u00fastria Farmac\u00eautica HEBROM.<\/div>\n<div style=\"text-align: justify;\">\n<br \/>\nJosimar deixa a esposa Giseli, a quem ele tanta amava e expressou isso ontem, seu irm\u00e3o Jo\u00e1s Henrique e esposa, a quem Josimar se orgulhava de ter ajudado a criar e cuidar, al\u00e9m dos outros irm\u00e3os e irm\u00e3s, e tamb\u00e9m com a presen\u00e7a de suas queridas noras: Fernanda e Paloma, os filhos: Josimar J\u00fanior, Bruno Henrique e Wedja Pires e seu genro Guilherme,&nbsp;&nbsp;netos &nbsp;e netas e irm\u00e3os e irm\u00e3s.<\/p>\n<p>Josimar sempre ser\u00e1 lembrando, como um SERVO DE DEUS e UM HOMEM VISION\u00c1RIO E EMPREENDEDOR, que, n\u00e3o apenas sonhou em ter uma Ind\u00fastria que produzisse medicamentos a partir da mat\u00e9ria-prima nacional, extra\u00edda da natureza, e com o apoio e a expertise cient\u00edfica e tecnol\u00f3gica das mais importantes universidades e institutos de pesquisa brasileiros, mas, como algu\u00e9m que transformou sonho em realidade, ao inaugurar em Janeiro de 1990, o laborat\u00f3rio farmac\u00eautico Hebron, na cidade de Caruaru.<\/p>\n<\/div>\n","protected":false},"excerpt":{"rendered":"<p>Faleceu nesta sexta-feira (02), em Recife, o empres\u00e1rio caruaruense Josimar Henrique, aos 67 anos. Josimar foi secret\u00e1rio municipal de Caruaru&hellip;<\/p>\n","protected":false},"author":1,"featured_media":0,"comment_status":"open","ping_status":"open","sticky":false,"template":"","format":"standard","meta":{"footnotes":""},"categories":[1],"tags":[2,762,6],"class_list":["post-818","post","type-post","status-publish","format-standard","hentry","category-sem-categoria","tag-blog-do-edvaldo-magalhaes","tag-morre-josimar-henrique-fundador-da-industria-farmaceutica-hebron","tag-noticias"],"_links":{"self":[{"href":"https:\/\/blogdoedvaldomagalhaes.com.br\/index.php\/wp-json\/wp\/v2\/posts\/818","targetHints":{"allow":["GET"]}}],"collection":[{"href":"https:\/\/blogdoedvaldomagalhaes.com.br\/index.php\/wp-json\/wp\/v2\/posts"}],"about":[{"href":"https:\/\/blogdoedvaldomagalhaes.com.br\/index.php\/wp-json\/wp\/v2\/types\/post"}],"author":[{"embeddable":true,"href":"https:\/\/blogdoedvaldomagalhaes.com.br\/index.php\/wp-json\/wp\/v2\/users\/1"}],"replies":[{"embeddable":true,"href":"https:\/\/blogdoedvaldomagalhaes.com.br\/index.php\/wp-json\/wp\/v2\/comments?post=818"}],"version-history":[{"count":1,"href":"https:\/\/blogdoedvaldomagalhaes.com.br\/index.php\/wp-json\/wp\/v2\/posts\/818\/revisions"}],"predecessor-version":[{"id":35495,"href":"https:\/\/blogdoedvaldomagalhaes.com.br\/index.php\/wp-json\/wp\/v2\/posts\/818\/revisions\/35495"}],"wp:attachment":[{"href":"https:\/\/blogdoedvaldomagalhaes.com.br\/index.php\/wp-json\/wp\/v2\/media?parent=818"}],"wp:term":[{"taxonomy":"category","embeddable":true,"href":"https:\/\/blogdoedvaldomagalhaes.com.br\/index.php\/wp-json\/wp\/v2\/categories?post=818"},{"taxonomy":"post_tag","embeddable":true,"href":"https:\/\/blogdoedvaldomagalhaes.com.br\/index.php\/wp-json\/wp\/v2\/tags?post=818"}],"curies":[{"name":"wp","href":"https:\/\/api.w.org\/{rel}","templated":true}]}}