{"id":8177,"date":"2016-09-27T03:17:00","date_gmt":"2016-09-27T06:17:00","guid":{"rendered":"http:\/\/blogdoedvaldomagalhaes.com.br\/index.php\/2016\/09\/27\/tony-cresce-9-pontos-erick-e-raque\/"},"modified":"2019-02-09T01:00:40","modified_gmt":"2019-02-09T03:00:40","slug":"tony-cresce-9-pontos-erick-e-raque","status":"publish","type":"post","link":"https:\/\/blogdoedvaldomagalhaes.com.br\/index.php\/2016\/09\/27\/tony-cresce-9-pontos-erick-e-raque\/","title":{"rendered":"Tony cresce 9 pontos. Erick e Raquel aparecem empatados para Prefeitura de Caruaru"},"content":{"rendered":"<div class=\"separator\" style=\"clear: both; text-align: center;\">\n<\/div>\n<div class=\"separator\" style=\"clear: both; text-align: center;\">\n<a href=\"https:\/\/2.bp.blogspot.com\/-MVChRuQk0OM\/V-nkB3b7pQI\/AAAAAAAAHB0\/UlT46frFjF4DWJoEX9qm0XeXfR9PpIc0ACLcB\/s1600\/tony.jpg\" imageanchor=\"1\" style=\"margin-left: 1em; margin-right: 1em;\"><img loading=\"lazy\" decoding=\"async\" border=\"0\" height=\"220\" src=\"http:\/\/blogdoedvaldomagalhaes.com.br\/wp-content\/uploads\/2016\/09\/tony.png\" width=\"400\" \/><\/a><\/div>\n<div class=\"separator\" style=\"clear: both; text-align: center;\">\n<a href=\"https:\/\/1.bp.blogspot.com\/-wbqbOnS5sv0\/V-nkJuLZ-cI\/AAAAAAAAHB4\/tiXnXip1EXsQohGoxQiG3Li8QzZ8Rq-pwCLcB\/s1600\/lessa.jpg\" imageanchor=\"1\" style=\"margin-left: 1em; margin-right: 1em;\"><img loading=\"lazy\" decoding=\"async\" border=\"0\" height=\"300\" src=\"http:\/\/blogdoedvaldomagalhaes.com.br\/wp-content\/uploads\/2016\/09\/lessa.png\" width=\"400\" \/><\/a><\/div>\n<div class=\"separator\" style=\"clear: both; text-align: center;\">\n<a href=\"https:\/\/3.bp.blogspot.com\/-XOG-6acf9R8\/V-nkJrhIQhI\/AAAAAAAAHB8\/GP8ZnAff-uIrs5_MLWlVwD5V8IAA2L5-wCEw\/s1600\/raquel.jpg\" imageanchor=\"1\" style=\"margin-left: 1em; margin-right: 1em;\"><img loading=\"lazy\" decoding=\"async\" border=\"0\" height=\"240\" src=\"http:\/\/blogdoedvaldomagalhaes.com.br\/wp-content\/uploads\/2016\/09\/raquel-3.jpg\" width=\"400\" \/><\/a><\/div>\n<div class=\"separator\" style=\"clear: both; text-align: center;\">\n<\/div>\n<div class=\"separator\" style=\"clear: both; text-align: left;\">\n<b>Do Blog do Magno Martins<\/b><\/div>\n<div class=\"separator\" style=\"clear: both; text-align: center;\">\n<\/div>\n<div style=\"box-sizing: border-box; margin-bottom: 10px; text-align: justify;\">\nO candidato do PMDB a prefeito de Caruaru, Tony Gel, subiu nove pontos percentuais em nova pesquisa do Instituto Opini\u00e3o em rela\u00e7\u00e3o ao levantamento dos dias 10 e 11 de setembro. Pulou de 26% para 35,6%, garantindo o seu passaporte para o segundo turno. Em segundo lugar aparecem empatados o candidato do PR, delegado Erick Lessa, com 21,2%, e a candidata do PSDB, Raquel Lyra, com 19,2%. Em compara\u00e7\u00e3o com a pesquisa anterior, o delegado avan\u00e7ou tr\u00eas pontos percentuais e tucana cresceu cinco pontos. Sendo assim, Gel n\u00e3o sabe ainda quem ser\u00e1 seu advers\u00e1rio na disputa final.<\/div>\n<div style=\"box-sizing: border-box; margin-bottom: 10px; text-align: justify;\">\nO candidato do PSB, Jorge Gomes, que na sondagem anterior despontava com 7,4%, neste levantamento se situa no mesmo patamar, enquanto Eduardo Guerra, do Psol, aparece com 0,6% e Rivaldo Soares, do PHS, tamb\u00e9m com 0,6%. Brancos e nulos, que eram 14,7%, recuaram para 4,2% e indecisos, que eram 18,4%, ca\u00edram para 11,2%. Na espont\u00e2nea, Tony Gel aparece igualmente na lideran\u00e7a com 32,8%.<\/div>\n<div style=\"box-sizing: border-box; margin-bottom: 10px; text-align: justify;\">\nEm segundo lugar, a tucana Raquel Lyra ultrapassa o delegado Erick Lessa, com 16,6%, contra 15,8% do republicano. Jorge tem 7,4%, Rivaldo foi citado por 0,6%, Eduardo Guerra por 0,2% e brancos e nulos se situam na casa dos 4%, enquanto 22,6% representam os indecisos. No quesito rejei\u00e7\u00e3o, Gel continua como o mais rejeitado, tendo subido seu percentual de 24,2% para 33%. Jorge vem em seguida com 20,2% e o delegado surge depois com 9,4%, enquanto Raquel tem apenas 6,6%. Guerra aparece com 3% e o professor Jefferson Abra\u00e3o, que n\u00e3o pontuou na inten\u00e7\u00e3o de voto, 0,6%.<\/div>\n<div style=\"box-sizing: border-box; margin-bottom: 10px; text-align: justify;\">\nAinda entre os entrevistados, 4% disseram que rejeitam todos e 15,4% afirmaram que n\u00e3o rejeitam nenhum deles. Em Caruaru, o Instituto Opini\u00e3o aplicou 500 question\u00e1rios entre os dias 24 e 25 \u00faltimos nos bairros Agamenon Magalh\u00e3es, Alto do Moura, Boa Vista I e II, Cachoeira Seca, Caiuc\u00e1, Cedro, Centen\u00e1rio, Cidade Alta, Cidade Jardim, Divin\u00f3polis, Indian\u00f3polis, Inocoop e Jardim Panorama.<\/div>\n<div style=\"box-sizing: border-box; margin-bottom: 10px; text-align: justify;\">\nE mais: Jo\u00e3o Mota, Jos\u00e9 Carlos de Oliveira, Jos\u00e9 Liberato, Ju\u00e1, Kennedy, Lajes, Luiz Gonzaga, Maria Auxiliadora, Maur\u00edcio de Nassau, Monte Bom Jesus, Murici, Nossa Senhora das Dores, Nova Caruaru, Petr\u00f3polis, Rafael, Rendeiras, Riach\u00e3o, Salgado, Santa Rosa, S\u00e3o Francisco, S\u00e3o Jo\u00e3o da Esc\u00f3cia, Terra Vermelha, Universit\u00e1rio, Vassoural e Vila Padre In\u00e1cio.<\/div>\n<div style=\"box-sizing: border-box; margin-bottom: 10px; text-align: justify;\">\nO intervalo de confian\u00e7a estimado \u00e9 de 95,0% e a margem de erro m\u00e1xima estimada \u00e9 de 4,4 pontos percentuais para mais ou para menos sobre os resultados encontrados no total da amostra. A modalidade de pesquisa adotada envolveu a t\u00e9cnica de Survey, que consiste na aplica\u00e7\u00e3o de question\u00e1rios estruturados e padronizados a uma amostra representativa do universo de investiga\u00e7\u00e3o. &nbsp;Foram realizadas entrevistas pessoais e domiciliares. A pesquisa est\u00e1 registrada sob o protocolo&nbsp;PE-02126\/2016.<\/div>\n<div style=\"box-sizing: border-box; margin-bottom: 10px; text-align: justify;\">\nSegundo turno: Tony s\u00f3 aparece na frente de Jorge<\/div>\n<div style=\"box-sizing: border-box; margin-bottom: 10px; text-align: justify;\">\nO Instituto Opini\u00e3o fez, tamb\u00e9m, as proje\u00e7\u00f5es de segundo turno tomando como base a lideran\u00e7a do candidato Tony Gel. Frente ao primeiro advers\u00e1rio, o delegado Erick Lessa, Gel aparece, numericamente, atr\u00e1s, mas num cen\u00e1rio que configura empate t\u00e9cnico. Lessa desponta com 43,6% das inten\u00e7\u00f5es de voto contra 42,4% do peemedebista. Neste cen\u00e1rio, brancos e nulos somam 8,4% e indecisos s\u00e3o apenas 5,6%.<\/div>\n<div style=\"box-sizing: border-box; margin-bottom: 10px; text-align: justify;\">\nNum cen\u00e1rio em que fossem Tony Gel e Raquel Lyra para o segundo turno, a tucana teria 43,4% das inten\u00e7\u00f5es de voto contra 41,6% do peemedebista. Brancos e nulos seriam 9% e indecisos 6%. J\u00e1 se o advers\u00e1rio de Gel fosse o candidato do PSB, Jorge Gomes, o postulante do PMDB bateria o socialista por 48,4% dos votos contra 33%. Brancos e nulos seriam 11,2% e 7,4% representam os indecisos.<\/div>\n<div style=\"box-sizing: border-box; margin-bottom: 10px; text-align: justify;\">\nEstratificando a pesquisa, Tony Gel tem seus melhores percentuais entre os eleitores com renda familiar at\u00e9 dois sal\u00e1rios (42%), entre os eleitores na faixa et\u00e1ria de 35 a 44 anos (38,9%) e entre os eleitores com grau de instru\u00e7\u00e3o at\u00e9 o 5\u00ba ano (58,2%). Por sexo, 36,8% dos seus eleitores s\u00e3o mulheres e 34,1% s\u00e3o homens.<\/div>\n<div style=\"box-sizing: border-box; margin-bottom: 10px; text-align: justify;\">\nO delegado Erick Lessa aparece melhor situado entre os eleitores jovens, na faixa et\u00e1ria entre 16 e 24 anos (30,9%), entre os eleitores com grau de instru\u00e7\u00e3o m\u00e9dio (27,4%) e entre os eleitores com renda familiar entre dois e cinco sal\u00e1rios (25,8%). Por sexo, 22,4% dos seus eleitores s\u00e3o mulheres e 19,7% dos seus eleitores s\u00e3o homens.<\/div>\n<div style=\"box-sizing: border-box; margin-bottom: 10px; text-align: justify;\">\nRaquel Lyra, por fim, aparece melhor situada entre os eleitores com renda familiar acima de cinco sal\u00e1rios (28,3%), entre os eleitores com grau de instru\u00e7\u00e3o superior (35,3%) e entre os eleitores jovens, na faixa et\u00e1ria de 16 a 24 anos (27,2%). Por sexo, 19,7% dos seus eleitores s\u00e3o homens e 18,8% s\u00e3o mulheres.<\/div>\n","protected":false},"excerpt":{"rendered":"<p>Do Blog do Magno Martins O candidato do PMDB a prefeito de Caruaru, Tony Gel, subiu nove pontos percentuais em&hellip;<\/p>\n","protected":false},"author":1,"featured_media":0,"comment_status":"open","ping_status":"open","sticky":false,"template":"","format":"standard","meta":{"footnotes":""},"categories":[1],"tags":[2,11468,9402,5151,1229,12057,12058,995],"class_list":["post-8177","post","type-post","status-publish","format-standard","hentry","category-sem-categoria","tag-blog-do-edvaldo-magalhaes","tag-eleicao-2016","tag-erick-lessa","tag-jorge-gomes","tag-raquel-lyra","tag-resultado-de-pesquisa-para-prefeito-de-caruaru","tag-tony-cresce-9-pontos-erick-e-raquel-aparecem-empatados","tag-tony-gel"],"_links":{"self":[{"href":"https:\/\/blogdoedvaldomagalhaes.com.br\/index.php\/wp-json\/wp\/v2\/posts\/8177","targetHints":{"allow":["GET"]}}],"collection":[{"href":"https:\/\/blogdoedvaldomagalhaes.com.br\/index.php\/wp-json\/wp\/v2\/posts"}],"about":[{"href":"https:\/\/blogdoedvaldomagalhaes.com.br\/index.php\/wp-json\/wp\/v2\/types\/post"}],"author":[{"embeddable":true,"href":"https:\/\/blogdoedvaldomagalhaes.com.br\/index.php\/wp-json\/wp\/v2\/users\/1"}],"replies":[{"embeddable":true,"href":"https:\/\/blogdoedvaldomagalhaes.com.br\/index.php\/wp-json\/wp\/v2\/comments?post=8177"}],"version-history":[{"count":1,"href":"https:\/\/blogdoedvaldomagalhaes.com.br\/index.php\/wp-json\/wp\/v2\/posts\/8177\/revisions"}],"predecessor-version":[{"id":12757,"href":"https:\/\/blogdoedvaldomagalhaes.com.br\/index.php\/wp-json\/wp\/v2\/posts\/8177\/revisions\/12757"}],"wp:attachment":[{"href":"https:\/\/blogdoedvaldomagalhaes.com.br\/index.php\/wp-json\/wp\/v2\/media?parent=8177"}],"wp:term":[{"taxonomy":"category","embeddable":true,"href":"https:\/\/blogdoedvaldomagalhaes.com.br\/index.php\/wp-json\/wp\/v2\/categories?post=8177"},{"taxonomy":"post_tag","embeddable":true,"href":"https:\/\/blogdoedvaldomagalhaes.com.br\/index.php\/wp-json\/wp\/v2\/tags?post=8177"}],"curies":[{"name":"wp","href":"https:\/\/api.w.org\/{rel}","templated":true}]}}