{"id":8174,"date":"2016-09-27T13:22:00","date_gmt":"2016-09-27T16:22:00","guid":{"rendered":"http:\/\/blogdoedvaldomagalhaes.com.br\/index.php\/2016\/09\/27\/acusado-de-assassinar-jovem-em-evento_43\/"},"modified":"2019-02-09T01:00:41","modified_gmt":"2019-02-09T03:00:41","slug":"acusado-de-assassinar-jovem-em-evento_43","status":"publish","type":"post","link":"https:\/\/blogdoedvaldomagalhaes.com.br\/index.php\/2016\/09\/27\/acusado-de-assassinar-jovem-em-evento_43\/","title":{"rendered":"Veja a confiss\u00e3o do acusado de assassinar jovem em evento pol\u00edtico"},"content":{"rendered":"<div class=\"separator\" style=\"clear: both; text-align: center;\">\n<iframe loading=\"lazy\" allowfullscreen=\"\" class=\"YOUTUBE-iframe-video\" data-thumbnail-src=\"https:\/\/i.ytimg.com\/vi\/Wth9qzLp9Tc\/0.jpg\" frameborder=\"0\" height=\"266\" src=\"https:\/\/www.youtube.com\/embed\/Wth9qzLp9Tc?feature=player_embedded\" width=\"320\"><\/iframe><\/div>\n<div class=\"separator\" style=\"clear: both; text-align: justify;\">\n<\/div>\n<div class=\"separator\" style=\"clear: both; text-align: justify;\">\nNa noite do \u00faltimo s\u00e1bado (24) foi assassinado a tiros durante um evento pol\u00edtico, pr\u00f3ximo a Igreja Monte Carmelo, na Rua M\u00e1rio Sette, no bairro Salgado, o menor Amauri Batista da Silva, de 16 anos, que morava no bairro Cidade Jardim, e na tarde dessa segunda-feira (26), o NIA&nbsp;(N\u00facleo de Intelig\u00eancia do Agreste)&nbsp;prendeu Elter Correia da Silva, conhecido por \u201cEltinho\u201d de 20 anos, que mora no bairro Salgado, e estava na casa da tia.<\/div>\n<div class=\"separator\" style=\"clear: both; text-align: justify;\">\n<\/div>\n<div class=\"separator\" style=\"clear: both; text-align: justify;\">\nO acusado foi levado a 19\u00aa Delegacia de Homic\u00eddios de Caruaru, onde o delegado&nbsp;Francisco Souto Maior, ouviu o seu depoimento. Como o crime foi cometido h\u00e1 dois dias, ele foi ouvido e liberado para responder ao processo em liberdade.<\/div>\n","protected":false},"excerpt":{"rendered":"<p>Na noite do \u00faltimo s\u00e1bado (24) foi assassinado a tiros durante um evento pol\u00edtico, pr\u00f3ximo a Igreja Monte Carmelo, na&hellip;<\/p>\n","protected":false},"author":1,"featured_media":0,"comment_status":"open","ping_status":"open","sticky":false,"template":"","format":"standard","meta":{"footnotes":""},"categories":[1],"tags":[12053,2,13],"class_list":["post-8174","post","type-post","status-publish","format-standard","hentry","category-sem-categoria","tag-acusado-de-assassinar-jovem-em-evento-politico-confessa-crime","tag-blog-do-edvaldo-magalhaes","tag-policial"],"_links":{"self":[{"href":"https:\/\/blogdoedvaldomagalhaes.com.br\/index.php\/wp-json\/wp\/v2\/posts\/8174","targetHints":{"allow":["GET"]}}],"collection":[{"href":"https:\/\/blogdoedvaldomagalhaes.com.br\/index.php\/wp-json\/wp\/v2\/posts"}],"about":[{"href":"https:\/\/blogdoedvaldomagalhaes.com.br\/index.php\/wp-json\/wp\/v2\/types\/post"}],"author":[{"embeddable":true,"href":"https:\/\/blogdoedvaldomagalhaes.com.br\/index.php\/wp-json\/wp\/v2\/users\/1"}],"replies":[{"embeddable":true,"href":"https:\/\/blogdoedvaldomagalhaes.com.br\/index.php\/wp-json\/wp\/v2\/comments?post=8174"}],"version-history":[{"count":1,"href":"https:\/\/blogdoedvaldomagalhaes.com.br\/index.php\/wp-json\/wp\/v2\/posts\/8174\/revisions"}],"predecessor-version":[{"id":12763,"href":"https:\/\/blogdoedvaldomagalhaes.com.br\/index.php\/wp-json\/wp\/v2\/posts\/8174\/revisions\/12763"}],"wp:attachment":[{"href":"https:\/\/blogdoedvaldomagalhaes.com.br\/index.php\/wp-json\/wp\/v2\/media?parent=8174"}],"wp:term":[{"taxonomy":"category","embeddable":true,"href":"https:\/\/blogdoedvaldomagalhaes.com.br\/index.php\/wp-json\/wp\/v2\/categories?post=8174"},{"taxonomy":"post_tag","embeddable":true,"href":"https:\/\/blogdoedvaldomagalhaes.com.br\/index.php\/wp-json\/wp\/v2\/tags?post=8174"}],"curies":[{"name":"wp","href":"https:\/\/api.w.org\/{rel}","templated":true}]}}