{"id":8173,"date":"2016-09-27T17:05:00","date_gmt":"2016-09-27T20:05:00","guid":{"rendered":"http:\/\/blogdoedvaldomagalhaes.com.br\/index.php\/2016\/09\/27\/jorge-gomes-foi-sabatinado-no-sismuc\/"},"modified":"2019-02-09T01:00:43","modified_gmt":"2019-02-09T03:00:43","slug":"jorge-gomes-foi-sabatinado-no-sismuc","status":"publish","type":"post","link":"https:\/\/blogdoedvaldomagalhaes.com.br\/index.php\/2016\/09\/27\/jorge-gomes-foi-sabatinado-no-sismuc\/","title":{"rendered":"Jorge Gomes foi sabatinado no Sismuc Regional"},"content":{"rendered":"<div class=\"separator\" style=\"clear: both; text-align: center;\">\n<a href=\"https:\/\/3.bp.blogspot.com\/-CGpE_32P8Rk\/V-qlqDtilFI\/AAAAAAAAHDg\/6hh1w3fbU54ridksR7jshub3TNnUbCJvgCLcB\/s1600\/jorge.jpg\" imageanchor=\"1\" style=\"margin-left: 1em; margin-right: 1em;\"><img loading=\"lazy\" decoding=\"async\" border=\"0\" height=\"225\" src=\"http:\/\/blogdoedvaldomagalhaes.com.br\/wp-content\/uploads\/2016\/09\/jorge-2.jpg\" width=\"400\" \/><\/a><\/div>\n<p><\/p>\n<div class=\"separator\" style=\"clear: both; text-align: center;\">\n<a href=\"https:\/\/2.bp.blogspot.com\/-z9hxYyN05FQ\/V-qlrlRyCrI\/AAAAAAAAHDk\/pz80lwSdT8IN0G8YHt5fBAYHAg2rZRrnACLcB\/s1600\/jorge%2B1.jpg\" imageanchor=\"1\" style=\"margin-left: 1em; margin-right: 1em;\"><img loading=\"lazy\" decoding=\"async\" border=\"0\" height=\"225\" src=\"http:\/\/blogdoedvaldomagalhaes.com.br\/wp-content\/uploads\/2016\/09\/jorge1.jpg\" width=\"400\" \/><\/a><\/div>\n<p><\/p>\n<div class=\"separator\" style=\"clear: both; text-align: center;\">\n<a href=\"https:\/\/2.bp.blogspot.com\/-gBqMwTwi88U\/V-qltxT19cI\/AAAAAAAAHDo\/Buv6LAPVJ0c9ofVpSN1LLgIg1VKezukuACLcB\/s1600\/jorge%2B2.jpg\" imageanchor=\"1\" style=\"margin-left: 1em; margin-right: 1em;\"><img loading=\"lazy\" decoding=\"async\" border=\"0\" height=\"225\" src=\"http:\/\/blogdoedvaldomagalhaes.com.br\/wp-content\/uploads\/2016\/09\/jorge2.jpg\" width=\"400\" \/><\/a><\/div>\n<p><\/p>\n<div class=\"separator\" style=\"clear: both; text-align: center;\">\n<a href=\"https:\/\/2.bp.blogspot.com\/-rh846sFwBhk\/V-qlvWZQ5-I\/AAAAAAAAHDs\/pNXvtXOilX0i4J-Dpq_7hMYD8WD3J0SvQCLcB\/s1600\/jorge%2B3.jpg\" imageanchor=\"1\" style=\"margin-left: 1em; margin-right: 1em;\"><img loading=\"lazy\" decoding=\"async\" border=\"0\" height=\"225\" src=\"http:\/\/blogdoedvaldomagalhaes.com.br\/wp-content\/uploads\/2016\/09\/jorge3.jpg\" width=\"400\" \/><\/a><\/div>\n<p><\/p>\n<div class=\"separator\" style=\"clear: both; text-align: center;\">\n<a href=\"https:\/\/4.bp.blogspot.com\/-NcbbfRY4BjA\/V-qlxSk-wxI\/AAAAAAAAHDw\/QXQ7WZbr4BgDoejik3glU9XizOKsbtwoQCLcB\/s1600\/jorge%2B4.jpg\" imageanchor=\"1\" style=\"margin-left: 1em; margin-right: 1em;\"><img loading=\"lazy\" decoding=\"async\" border=\"0\" height=\"225\" src=\"http:\/\/blogdoedvaldomagalhaes.com.br\/wp-content\/uploads\/2016\/09\/jorge4.jpg\" width=\"400\" \/><\/a><\/div>\n<div class=\"separator\" style=\"clear: both; text-align: justify;\">\n<\/div>\n<div class=\"separator\" style=\"clear: both; text-align: justify;\">\nO Sismuc Regional deu sequ\u00eancia nesta ter\u00e7a-feira (27) a s\u00e9rie de di\u00e1logos com os candidatos a prefeito de Caruaru, Jorge Gomes (PSB) &nbsp;apresentou suas propostas, e firmou o compromisso com a categoria de Servidores P\u00fablicos do Munic\u00edpio, assinando a Pauta de Reivindica\u00e7\u00f5es entregue pelo SISMUC Regional, atrav\u00e9s do Presidente Eduardo Mendon\u00e7a.<\/div>\n","protected":false},"excerpt":{"rendered":"<p>O Sismuc Regional deu sequ\u00eancia nesta ter\u00e7a-feira (27) a s\u00e9rie de di\u00e1logos com os candidatos a prefeito de Caruaru, Jorge&hellip;<\/p>\n","protected":false},"author":1,"featured_media":0,"comment_status":"open","ping_status":"open","sticky":false,"template":"","format":"standard","meta":{"footnotes":""},"categories":[1],"tags":[2,3236,11431,12052,3121,381],"class_list":["post-8173","post","type-post","status-publish","format-standard","hentry","category-sem-categoria","tag-blog-do-edvaldo-magalhaes","tag-eduardo-mendonca","tag-eleicoes-2016","tag-jorge-gomes-foi-sabatinado-no-sismuc-regional","tag-noticias-da-politica","tag-psb"],"_links":{"self":[{"href":"https:\/\/blogdoedvaldomagalhaes.com.br\/index.php\/wp-json\/wp\/v2\/posts\/8173","targetHints":{"allow":["GET"]}}],"collection":[{"href":"https:\/\/blogdoedvaldomagalhaes.com.br\/index.php\/wp-json\/wp\/v2\/posts"}],"about":[{"href":"https:\/\/blogdoedvaldomagalhaes.com.br\/index.php\/wp-json\/wp\/v2\/types\/post"}],"author":[{"embeddable":true,"href":"https:\/\/blogdoedvaldomagalhaes.com.br\/index.php\/wp-json\/wp\/v2\/users\/1"}],"replies":[{"embeddable":true,"href":"https:\/\/blogdoedvaldomagalhaes.com.br\/index.php\/wp-json\/wp\/v2\/comments?post=8173"}],"version-history":[{"count":1,"href":"https:\/\/blogdoedvaldomagalhaes.com.br\/index.php\/wp-json\/wp\/v2\/posts\/8173\/revisions"}],"predecessor-version":[{"id":12769,"href":"https:\/\/blogdoedvaldomagalhaes.com.br\/index.php\/wp-json\/wp\/v2\/posts\/8173\/revisions\/12769"}],"wp:attachment":[{"href":"https:\/\/blogdoedvaldomagalhaes.com.br\/index.php\/wp-json\/wp\/v2\/media?parent=8173"}],"wp:term":[{"taxonomy":"category","embeddable":true,"href":"https:\/\/blogdoedvaldomagalhaes.com.br\/index.php\/wp-json\/wp\/v2\/categories?post=8173"},{"taxonomy":"post_tag","embeddable":true,"href":"https:\/\/blogdoedvaldomagalhaes.com.br\/index.php\/wp-json\/wp\/v2\/tags?post=8173"}],"curies":[{"name":"wp","href":"https:\/\/api.w.org\/{rel}","templated":true}]}}