{"id":817,"date":"2018-11-03T10:13:00","date_gmt":"2018-11-03T12:13:00","guid":{"rendered":"http:\/\/blogdoedvaldomagalhaes.com.br\/index.php\/2018\/11\/03\/treze-pessoas-assassinadas-e\/"},"modified":"2019-02-09T02:38:06","modified_gmt":"2019-02-09T04:38:06","slug":"treze-pessoas-assassinadas-e","status":"publish","type":"post","link":"https:\/\/blogdoedvaldomagalhaes.com.br\/index.php\/2018\/11\/03\/treze-pessoas-assassinadas-e\/","title":{"rendered":"Treze pessoas assassinadas em Pernambuco no Dia de Finados; dois homic\u00eddios em Caruaru"},"content":{"rendered":"<div style=\"background-color: white; box-sizing: border-box; font-family: Lato, sans-serif; font-size: 13px; line-height: 23px; margin-bottom: 10px; text-align: justify;\">\n<div class=\"separator\" style=\"clear: both; text-align: center;\">\n<a href=\"https:\/\/4.bp.blogspot.com\/-BrS3rm4U6lY\/W910qVcKzBI\/AAAAAAAA83M\/ufvc6IH4Rdw4zGZEAXUpp0qVXO70b0RSQCLcBGAs\/s1600\/images.jpeg\" imageanchor=\"1\" style=\"margin-left: 1em; margin-right: 1em;\"><img loading=\"lazy\" decoding=\"async\" border=\"0\" data-original-height=\"371\" data-original-width=\"500\" height=\"474\" src=\"http:\/\/blogdoedvaldomagalhaes.com.br\/wp-content\/uploads\/2018\/11\/images.jpeg\" width=\"640\" \/><\/a><\/div>\n<p><\/div>\n<div style=\"background-color: white; box-sizing: border-box; line-height: 23px; margin-bottom: 10px; text-align: justify;\">\nO fim de semana come\u00e7ou com o registro de 13 homic\u00eddios em Pernambuco, 4 no Grande Recife e 9 no interior. No ano j\u00e1 s\u00e3o 3.479 assassinatos em Pernambuco, 1.404 na Regi\u00e3o Metropolitana e 2.075 no interior.<\/div>\n<div style=\"background-color: white; box-sizing: border-box; line-height: 23px; margin-bottom: 10px; text-align: justify;\">\nEm Caruaru, duas pessoas foram assassinadas no Dia de Finados.&nbsp;<a href=\"http:\/\/liberdade.com.br\/homem-e-assassinado-a-tiros-em-caruaru-no-dia-de-finados\/\" style=\"background-color: transparent; box-sizing: border-box; color: #337ab7; text-decoration-line: none; transition: all 0.3s ease 0s;\">No bairro Jos\u00e9 Carlos de Oliveira, foi morto a tiros o mec\u00e2nico Everaldo Luiz da Silva, 54 anos<\/a>. O crime aconteceu na manh\u00e3 desta sexta-feira (02), na rua Alexandrino Ventura, no local onde trabalhava. Ele residia no bairro Caiuc\u00e1.<\/div>\n<div style=\"background-color: white; box-sizing: border-box; line-height: 23px; margin-bottom: 10px; text-align: justify;\">\n\u00c0 noite, em Cachoeira Seca, na zona rural, foi assassinado Jos\u00e9 Luciano Marcario Alves, 25 anos. Ele estava em frente a uma resid\u00eancia e foi surpreendido por desconhecidos que efetuaram v\u00e1rios disparos.<\/div>\n<div style=\"background-color: white; box-sizing: border-box; line-height: 23px; margin-bottom: 10px; text-align: justify;\">\nS\u00e3o dois homic\u00eddios no m\u00eas de novembro em Caruaru. Neste ano de 2018 j\u00e1 ocorreram 142 assassinatos no munic\u00edpio.<\/div>\n<div style=\"background-color: white; box-sizing: border-box; line-height: 23px; margin-bottom: 10px; text-align: justify;\">\nNo bairro S\u00e3o Jo\u00e3o da Esc\u00f3cia, houve tentativa de homic\u00eddio. Um jovem foi baleado dentro de um bar e socorrido para o Hospital Regional do Agreste (HRA). A Pol\u00edcia Civil investiga.<\/div>\n<div style=\"background-color: white; box-sizing: border-box; line-height: 23px; margin-bottom: 10px; text-align: justify;\">\nEm Bonito, um jovem foi assassinado na frente do Cemit\u00e9rio da Vila Cohab. Jos\u00e9 William Santos da Silva, 20 anos, foi morto a tiros em um momento de grande movimento. Registrados homic\u00eddios tamb\u00e9m em Camocim de S\u00e3o F\u00e9lix e Tacaimb\u00f3.&nbsp;<\/p>\n<p>Fonte: Radio Liberdade.<\/p><\/div>\n","protected":false},"excerpt":{"rendered":"<p>O fim de semana come\u00e7ou com o registro de 13 homic\u00eddios em Pernambuco, 4 no Grande Recife e 9 no&hellip;<\/p>\n","protected":false},"author":1,"featured_media":0,"comment_status":"open","ping_status":"open","sticky":false,"template":"","format":"standard","meta":{"footnotes":""},"categories":[1],"tags":[2,13,761],"class_list":["post-817","post","type-post","status-publish","format-standard","hentry","category-sem-categoria","tag-blog-do-edvaldo-magalhaes","tag-policial","tag-treze-pessoas-assassinadas-em-pernambuco-no-dia-de-finados-dois-homicidios-em-caruaru"],"_links":{"self":[{"href":"https:\/\/blogdoedvaldomagalhaes.com.br\/index.php\/wp-json\/wp\/v2\/posts\/817","targetHints":{"allow":["GET"]}}],"collection":[{"href":"https:\/\/blogdoedvaldomagalhaes.com.br\/index.php\/wp-json\/wp\/v2\/posts"}],"about":[{"href":"https:\/\/blogdoedvaldomagalhaes.com.br\/index.php\/wp-json\/wp\/v2\/types\/post"}],"author":[{"embeddable":true,"href":"https:\/\/blogdoedvaldomagalhaes.com.br\/index.php\/wp-json\/wp\/v2\/users\/1"}],"replies":[{"embeddable":true,"href":"https:\/\/blogdoedvaldomagalhaes.com.br\/index.php\/wp-json\/wp\/v2\/comments?post=817"}],"version-history":[{"count":1,"href":"https:\/\/blogdoedvaldomagalhaes.com.br\/index.php\/wp-json\/wp\/v2\/posts\/817\/revisions"}],"predecessor-version":[{"id":35497,"href":"https:\/\/blogdoedvaldomagalhaes.com.br\/index.php\/wp-json\/wp\/v2\/posts\/817\/revisions\/35497"}],"wp:attachment":[{"href":"https:\/\/blogdoedvaldomagalhaes.com.br\/index.php\/wp-json\/wp\/v2\/media?parent=817"}],"wp:term":[{"taxonomy":"category","embeddable":true,"href":"https:\/\/blogdoedvaldomagalhaes.com.br\/index.php\/wp-json\/wp\/v2\/categories?post=817"},{"taxonomy":"post_tag","embeddable":true,"href":"https:\/\/blogdoedvaldomagalhaes.com.br\/index.php\/wp-json\/wp\/v2\/tags?post=817"}],"curies":[{"name":"wp","href":"https:\/\/api.w.org\/{rel}","templated":true}]}}