{"id":8166,"date":"2016-09-28T11:34:00","date_gmt":"2016-09-28T14:34:00","guid":{"rendered":"http:\/\/blogdoedvaldomagalhaes.com.br\/index.php\/2016\/09\/28\/jovem-atingido-por-tres-tiros-de\/"},"modified":"2019-02-09T01:00:47","modified_gmt":"2019-02-09T03:00:47","slug":"jovem-atingido-por-tres-tiros-de","status":"publish","type":"post","link":"https:\/\/blogdoedvaldomagalhaes.com.br\/index.php\/2016\/09\/28\/jovem-atingido-por-tres-tiros-de\/","title":{"rendered":"Jovem atingido por tr\u00eas tiros de rev\u00f3lver no bairro S\u00e3o Francisco"},"content":{"rendered":"<div class=\"separator\" style=\"clear: both; text-align: center;\">\n<a href=\"https:\/\/1.bp.blogspot.com\/-fCgMukpZWfs\/V-uq0CCG7uI\/AAAAAAAAHFk\/vmOve8vRDagIa8MOYJb8lPb1PlzCApMBgCLcB\/s1600\/tentativa.jpg\" imageanchor=\"1\" style=\"margin-left: 1em; margin-right: 1em;\"><img loading=\"lazy\" decoding=\"async\" border=\"0\" height=\"268\" src=\"http:\/\/blogdoedvaldomagalhaes.com.br\/wp-content\/uploads\/2016\/09\/tentativa-1.jpg\" width=\"400\" \/><\/a><\/div>\n<div class=\"MsoNoSpacing\" style=\"text-align: justify;\">\nUm<br \/>\njovem de 21 anos sofreu tentativa de homic\u00eddio na noite desta ter\u00e7a-feira (27),<br \/>\nem Caruaru. Josenildo Jeferson de Lima Nogueira foi atingido com 3 tiros na rua<br \/>\nJoaquim Serra, bairro S\u00e3o Francisco.&nbsp;A<br \/>\nv\u00edtima foi socorrida para o Hospital Regional do Agreste (HRA) e transferida<br \/>\npara o Hospital da Restaura\u00e7\u00e3o, no Recife.<\/div>\n<div class=\"MsoNoSpacing\" style=\"text-align: justify;\">\n<\/div>\n<div class=\"MsoNoSpacing\" style=\"text-align: justify;\">\nJosenildo<br \/>\nJeferson mora na Rua da S\u00e9, bairro Centen\u00e1rio, e foi atingido por tr\u00eas disparos de arma de fogo, sendo dois na face e um t\u00f3rax.<\/p>\n<div style=\"background-color: white; line-height: 15.18px;\">\n<\/div>\n<div style=\"background-color: white; line-height: 15.18px;\">\nPor determina\u00e7\u00e3o da Central de R\u00e1dio do 4\u00ba BPM, o Cabo Jailson e o Cabo Edeilson da Patrulha do Bairro seguiram para o local do crime e pela urg\u00eancia do fato prestaram socorro \u00e0 v\u00edtima que se encontrava consciente, conduzindo-a at\u00e9 o Hospital Regional do Agreste, que logo ap\u00f3s, foi transferida ao Hospital da Restaura\u00e7\u00e3o (HR) em Recife, para realiza\u00e7\u00e3o de exames, por\u00e9m n\u00e3o corre risco de morte.<\/div>\n<div style=\"background-color: white; line-height: 15.18px;\">\nA v\u00edtima informou que recebeu liga\u00e7\u00e3o de um conhecido, quando ao sair da resid\u00eancia um elemento se aproximou e efetuou v\u00e1rios disparos de arma de fogo, ap\u00f3s a a\u00e7\u00e3o o imputado se evadiu, por\u00e9m, a v\u00edtima afirma conhecer o autor. Segundo informes a situa\u00e7\u00e3o ocorreu por d\u00edvidas com o tr\u00e1fico.<\/div>\n<\/div>\n","protected":false},"excerpt":{"rendered":"<p>Um jovem de 21 anos sofreu tentativa de homic\u00eddio na noite desta ter\u00e7a-feira (27), em Caruaru. Josenildo Jeferson de Lima&hellip;<\/p>\n","protected":false},"author":1,"featured_media":0,"comment_status":"open","ping_status":"open","sticky":false,"template":"","format":"standard","meta":{"footnotes":""},"categories":[1],"tags":[2866,2,312,2083,12039,13,9115,10629],"class_list":["post-8166","post","type-post","status-publish","format-standard","hentry","category-sem-categoria","tag-bairro-centenario","tag-blog-do-edvaldo-magalhaes","tag-hospital-regional-do-agreste","tag-hra","tag-jovem-sofre-tentativa-de-homicidio-no-bairro-sao-francisco","tag-policial","tag-rua-da-se","tag-rua-joaquim-serra"],"_links":{"self":[{"href":"https:\/\/blogdoedvaldomagalhaes.com.br\/index.php\/wp-json\/wp\/v2\/posts\/8166","targetHints":{"allow":["GET"]}}],"collection":[{"href":"https:\/\/blogdoedvaldomagalhaes.com.br\/index.php\/wp-json\/wp\/v2\/posts"}],"about":[{"href":"https:\/\/blogdoedvaldomagalhaes.com.br\/index.php\/wp-json\/wp\/v2\/types\/post"}],"author":[{"embeddable":true,"href":"https:\/\/blogdoedvaldomagalhaes.com.br\/index.php\/wp-json\/wp\/v2\/users\/1"}],"replies":[{"embeddable":true,"href":"https:\/\/blogdoedvaldomagalhaes.com.br\/index.php\/wp-json\/wp\/v2\/comments?post=8166"}],"version-history":[{"count":1,"href":"https:\/\/blogdoedvaldomagalhaes.com.br\/index.php\/wp-json\/wp\/v2\/posts\/8166\/revisions"}],"predecessor-version":[{"id":12784,"href":"https:\/\/blogdoedvaldomagalhaes.com.br\/index.php\/wp-json\/wp\/v2\/posts\/8166\/revisions\/12784"}],"wp:attachment":[{"href":"https:\/\/blogdoedvaldomagalhaes.com.br\/index.php\/wp-json\/wp\/v2\/media?parent=8166"}],"wp:term":[{"taxonomy":"category","embeddable":true,"href":"https:\/\/blogdoedvaldomagalhaes.com.br\/index.php\/wp-json\/wp\/v2\/categories?post=8166"},{"taxonomy":"post_tag","embeddable":true,"href":"https:\/\/blogdoedvaldomagalhaes.com.br\/index.php\/wp-json\/wp\/v2\/tags?post=8166"}],"curies":[{"name":"wp","href":"https:\/\/api.w.org\/{rel}","templated":true}]}}