{"id":8165,"date":"2016-09-28T12:27:00","date_gmt":"2016-09-28T15:27:00","guid":{"rendered":"http:\/\/blogdoedvaldomagalhaes.com.br\/index.php\/2016\/09\/28\/morre-no-hospital-getulio-vargas-home\/"},"modified":"2019-02-09T01:00:47","modified_gmt":"2019-02-09T03:00:47","slug":"morre-no-hospital-getulio-vargas-home","status":"publish","type":"post","link":"https:\/\/blogdoedvaldomagalhaes.com.br\/index.php\/2016\/09\/28\/morre-no-hospital-getulio-vargas-home\/","title":{"rendered":"Morre no Hospital Get\u00falio Vargas homem que foi esfaqueado em Caruaru"},"content":{"rendered":"<div class=\"separator\" style=\"clear: both; text-align: center;\">\n<a href=\"https:\/\/4.bp.blogspot.com\/-rTjyfmiUZYk\/V-u3K-GDhmI\/AAAAAAAAHF0\/b-Liq0MB6WQ_pdf_WzdEsP8kjrFq-DUKgCLcB\/s1600\/morreu.jpg\" imageanchor=\"1\" style=\"margin-left: 1em; margin-right: 1em;\"><img loading=\"lazy\" decoding=\"async\" border=\"0\" height=\"400\" src=\"http:\/\/blogdoedvaldomagalhaes.com.br\/wp-content\/uploads\/2016\/09\/morreu.jpg\" width=\"225\" \/><\/a><\/div>\n<div style=\"background-color: white; text-align: justify;\">\n<\/div>\n<div style=\"background-color: white; text-align: justify;\">\nA Pol\u00edcia Civil foi comunicada esta semana que um homem que foi esfaqueado em Caruaru morreu no Hospital Get\u00falio Vargas no Recife, com a consuma\u00e7\u00e3o do assassinato a 3\u00aa Divis\u00e3o de Homic\u00eddios do Agreste repassou o caso para a 20\u00aa Delegacia de Homic\u00eddios da cidade, comandada pelo delegado Dr. M\u00e1rcio Cruz.<\/div>\n<div style=\"background-color: white; text-align: justify;\">\n<\/div>\n<div style=\"background-color: white; text-align: justify;\">\nA v\u00edtima,&nbsp;<b>Edvaldo Luiz de Fran\u00e7a<\/b>, de 27 anos, que morava na Rua Patr\u00edcio dos Santos, no bairro Jos\u00e9 Carlos de Oliveira, foi esfaqueada na Rua Projetada, na manh\u00e3 do dia 02 de agosto no Loteamento Hozana, foi levado ao Hospital Manoel Afonso e divido a gravidade dos ferimentos foi transferido para o Hospital Regional do Agreste, onde recebeu atendimento e mais uma vez foi transferido. Ele foi levado ao Hospital Get\u00falio Vargas no Recife, onde faleceu no dia 28 de agosto. A Pol\u00edcia Civil ainda est\u00e1 em busca de informa\u00e7\u00f5es e pede para que quem souber de algo ligar para o Disque-Den\u00fancia Agreste atrav\u00e9s do (81) 3719-4545, que ter\u00e1 a identidade preservada.<\/div>\n<div style=\"text-align: justify;\">\n<\/div>\n<div style=\"background-color: white; text-align: justify;\">\nEste crime entra para a contabilidade do m\u00eas de agosto, elevando para 16 casos de homic\u00eddios e na soma geral chegamos ao registro de 160 homic\u00eddios este ano em Caruaru.<\/div>\n<div style=\"background-color: white; text-align: justify;\">\n<\/div>\n<div style=\"background-color: white; text-align: justify;\">\nDo Blog do Adielson Galv\u00e3o<\/div>\n","protected":false},"excerpt":{"rendered":"<p>A Pol\u00edcia Civil foi comunicada esta semana que um homem que foi esfaqueado em Caruaru morreu no Hospital Get\u00falio Vargas&hellip;<\/p>\n","protected":false},"author":1,"featured_media":0,"comment_status":"open","ping_status":"open","sticky":false,"template":"","format":"standard","meta":{"footnotes":""},"categories":[1],"tags":[1618,2,312,10052,12038,1479,13],"class_list":["post-8165","post","type-post","status-publish","format-standard","hentry","category-sem-categoria","tag-bairro-jose-carlos-de-oliveira","tag-blog-do-edvaldo-magalhaes","tag-hospital-regional-do-agreste","tag-marcio-cruz","tag-morre-no-hospital-getulio-vargas-homem-que-foi-esfaqueado-em-caruaru","tag-noticias-policiais","tag-policial"],"_links":{"self":[{"href":"https:\/\/blogdoedvaldomagalhaes.com.br\/index.php\/wp-json\/wp\/v2\/posts\/8165","targetHints":{"allow":["GET"]}}],"collection":[{"href":"https:\/\/blogdoedvaldomagalhaes.com.br\/index.php\/wp-json\/wp\/v2\/posts"}],"about":[{"href":"https:\/\/blogdoedvaldomagalhaes.com.br\/index.php\/wp-json\/wp\/v2\/types\/post"}],"author":[{"embeddable":true,"href":"https:\/\/blogdoedvaldomagalhaes.com.br\/index.php\/wp-json\/wp\/v2\/users\/1"}],"replies":[{"embeddable":true,"href":"https:\/\/blogdoedvaldomagalhaes.com.br\/index.php\/wp-json\/wp\/v2\/comments?post=8165"}],"version-history":[{"count":1,"href":"https:\/\/blogdoedvaldomagalhaes.com.br\/index.php\/wp-json\/wp\/v2\/posts\/8165\/revisions"}],"predecessor-version":[{"id":12786,"href":"https:\/\/blogdoedvaldomagalhaes.com.br\/index.php\/wp-json\/wp\/v2\/posts\/8165\/revisions\/12786"}],"wp:attachment":[{"href":"https:\/\/blogdoedvaldomagalhaes.com.br\/index.php\/wp-json\/wp\/v2\/media?parent=8165"}],"wp:term":[{"taxonomy":"category","embeddable":true,"href":"https:\/\/blogdoedvaldomagalhaes.com.br\/index.php\/wp-json\/wp\/v2\/categories?post=8165"},{"taxonomy":"post_tag","embeddable":true,"href":"https:\/\/blogdoedvaldomagalhaes.com.br\/index.php\/wp-json\/wp\/v2\/tags?post=8165"}],"curies":[{"name":"wp","href":"https:\/\/api.w.org\/{rel}","templated":true}]}}