{"id":816,"date":"2018-11-03T12:26:00","date_gmt":"2018-11-03T14:26:00","guid":{"rendered":"http:\/\/blogdoedvaldomagalhaes.com.br\/index.php\/2018\/11\/03\/1-biesp-apreende-mais-de-6kg-de-maconha\/"},"modified":"2019-02-09T02:38:06","modified_gmt":"2019-02-09T04:38:06","slug":"1-biesp-apreende-mais-de-6kg-de-maconha","status":"publish","type":"post","link":"https:\/\/blogdoedvaldomagalhaes.com.br\/index.php\/2018\/11\/03\/1-biesp-apreende-mais-de-6kg-de-maconha\/","title":{"rendered":"1\u00b0 BIEsp apreende mais de 6kg de maconha em Caruaru"},"content":{"rendered":"<div class=\"separator\" style=\"clear: both; text-align: center;\">\n<a href=\"https:\/\/2.bp.blogspot.com\/-DQVlL84IVUA\/W92TTy7RQ1I\/AAAAAAAA83Y\/05AUDRSyzeQe0DnJjk4EdqBjIBAYPik8wCLcBGAs\/s1600\/IMG-20181103-WA0058.jpg\" imageanchor=\"1\" style=\"margin-left: 1em; margin-right: 1em;\"><img loading=\"lazy\" decoding=\"async\" border=\"0\" data-original-height=\"1280\" data-original-width=\"720\" height=\"640\" src=\"http:\/\/blogdoedvaldomagalhaes.com.br\/wp-content\/uploads\/2018\/11\/IMG-20181103-WA0058.jpg\" width=\"360\" \/><\/a><\/div>\n<div class=\"separator\" style=\"clear: both; text-align: center;\">\nFoto: Reprodu\u00e7\u00e3o\/Whatsapp&nbsp;<\/div>\n<div style=\"text-align: justify;\">\n<\/div>\n<div style=\"text-align: justify;\">\n<\/div>\n<div style=\"text-align: justify;\">\nNa noite dessa sexta feira (02), os policiais do 1\u00b0 BIEsp receberam informa\u00e7\u00f5es que em uma resid\u00eancia estava sendo usada para &nbsp;comercializar drogas. Os policiais foram at\u00e9 a rua Boa Vista, no bairro do Salgado, na citada resid\u00eancia, e quando se aproximaram uma mulher que se encontrava na resid\u00eancia se evadiu pulando o muro dos fundos da resid\u00eancia.&nbsp;<\/div>\n<div style=\"text-align: justify;\">\n<\/div>\n<div style=\"text-align: justify;\">\nOs policiais conseguiram entrar na resid\u00eancia, onde encontraram escondido por tr\u00e1s de alguns m\u00f3veis aproximadamente 6 quilos e 200 gramas de maconha&nbsp;<\/div>\n<div style=\"text-align: justify;\">\n<\/div>\n<div style=\"text-align: justify;\">\nDiante dos fatos os policiais conduziram a droga para delegacia de plant\u00e3o para serem tomadas as devidas medidas cab\u00edveis.<\/p>\n<p>Informa\u00e7\u00f5es da Pol\u00edcia Militar de Pernambuco.&nbsp;<\/p><\/div>\n","protected":false},"excerpt":{"rendered":"<p>Foto: Reprodu\u00e7\u00e3o\/Whatsapp&nbsp; Na noite dessa sexta feira (02), os policiais do 1\u00b0 BIEsp receberam informa\u00e7\u00f5es que em uma resid\u00eancia estava&hellip;<\/p>\n","protected":false},"author":1,"featured_media":0,"comment_status":"open","ping_status":"open","sticky":false,"template":"","format":"standard","meta":{"footnotes":""},"categories":[1],"tags":[760,2,13],"class_list":["post-816","post","type-post","status-publish","format-standard","hentry","category-sem-categoria","tag-1-biesp-apreende-mais-de-6kg-de-maconha-em-caruaru","tag-blog-do-edvaldo-magalhaes","tag-policial"],"_links":{"self":[{"href":"https:\/\/blogdoedvaldomagalhaes.com.br\/index.php\/wp-json\/wp\/v2\/posts\/816","targetHints":{"allow":["GET"]}}],"collection":[{"href":"https:\/\/blogdoedvaldomagalhaes.com.br\/index.php\/wp-json\/wp\/v2\/posts"}],"about":[{"href":"https:\/\/blogdoedvaldomagalhaes.com.br\/index.php\/wp-json\/wp\/v2\/types\/post"}],"author":[{"embeddable":true,"href":"https:\/\/blogdoedvaldomagalhaes.com.br\/index.php\/wp-json\/wp\/v2\/users\/1"}],"replies":[{"embeddable":true,"href":"https:\/\/blogdoedvaldomagalhaes.com.br\/index.php\/wp-json\/wp\/v2\/comments?post=816"}],"version-history":[{"count":1,"href":"https:\/\/blogdoedvaldomagalhaes.com.br\/index.php\/wp-json\/wp\/v2\/posts\/816\/revisions"}],"predecessor-version":[{"id":35499,"href":"https:\/\/blogdoedvaldomagalhaes.com.br\/index.php\/wp-json\/wp\/v2\/posts\/816\/revisions\/35499"}],"wp:attachment":[{"href":"https:\/\/blogdoedvaldomagalhaes.com.br\/index.php\/wp-json\/wp\/v2\/media?parent=816"}],"wp:term":[{"taxonomy":"category","embeddable":true,"href":"https:\/\/blogdoedvaldomagalhaes.com.br\/index.php\/wp-json\/wp\/v2\/categories?post=816"},{"taxonomy":"post_tag","embeddable":true,"href":"https:\/\/blogdoedvaldomagalhaes.com.br\/index.php\/wp-json\/wp\/v2\/tags?post=816"}],"curies":[{"name":"wp","href":"https:\/\/api.w.org\/{rel}","templated":true}]}}