{"id":8157,"date":"2016-09-29T00:16:00","date_gmt":"2016-09-29T03:16:00","guid":{"rendered":"http:\/\/blogdoedvaldomagalhaes.com.br\/index.php\/2016\/09\/29\/segundo-homicidio-registrado-nesta\/"},"modified":"2019-02-09T01:00:54","modified_gmt":"2019-02-09T03:00:54","slug":"segundo-homicidio-registrado-nesta","status":"publish","type":"post","link":"https:\/\/blogdoedvaldomagalhaes.com.br\/index.php\/2016\/09\/29\/segundo-homicidio-registrado-nesta\/","title":{"rendered":"Segundo homic\u00eddio registrado nesta noite de quarta-feira em Caruaru"},"content":{"rendered":"<div class=\"separator\" style=\"clear: both; text-align: center;\">\n<a href=\"https:\/\/4.bp.blogspot.com\/-rTjl2QYA3b8\/V-xcXEWW8ZI\/AAAAAAAAHJM\/240TIaCYctQLy3tRmQ40OQa3s-O2p83_QCLcB\/s1600\/homem.jpg\" imageanchor=\"1\" style=\"margin-left: 1em; margin-right: 1em;\"><img loading=\"lazy\" decoding=\"async\" border=\"0\" height=\"300\" src=\"http:\/\/blogdoedvaldomagalhaes.com.br\/wp-content\/uploads\/2016\/09\/homem.jpg\" width=\"400\" \/><\/a><\/div>\n<div style=\"background-color: white; color: #1d2129; font-family: helvetica, arial, sans-serif; font-size: 14px; margin-bottom: 6px;\">\n<\/div>\n<div style=\"background-color: white; color: #1d2129; font-family: helvetica, arial, sans-serif; font-size: 14px; margin-bottom: 6px;\">\nNoite de quarta-feira (28) violenta em Caruaru, o segundo homic\u00eddio foi registrado na rua Arrojado de Lisboa, no bairro Santa Rosa. A v\u00edtima \u00e9 um ex presidi\u00e1rio, conhecido pelo vulgo de Galeguinho da Burra.<\/div>\n<div style=\"background-color: white; color: #1d2129; font-family: helvetica, arial, sans-serif; font-size: 14px; margin-bottom: 6px;\">\nAguardem mais informa\u00e7\u00f5es<\/div>\n","protected":false},"excerpt":{"rendered":"<p>Noite de quarta-feira (28) violenta em Caruaru, o segundo homic\u00eddio foi registrado na rua Arrojado de Lisboa, no bairro Santa&hellip;<\/p>\n","protected":false},"author":1,"featured_media":0,"comment_status":"open","ping_status":"open","sticky":false,"template":"","format":"standard","meta":{"footnotes":""},"categories":[1],"tags":[1970,2,3186,13,12026,12027],"class_list":["post-8157","post","type-post","status-publish","format-standard","hentry","category-sem-categoria","tag-bairro-santa-rosa","tag-blog-do-edvaldo-magalhaes","tag-noticias-policiais-de-caruaru","tag-policial","tag-rua-arrojado-de-lisboa","tag-segundo-homicidio-registrado-nesta-noite-de-quarta-feira-em-caruaru"],"_links":{"self":[{"href":"https:\/\/blogdoedvaldomagalhaes.com.br\/index.php\/wp-json\/wp\/v2\/posts\/8157","targetHints":{"allow":["GET"]}}],"collection":[{"href":"https:\/\/blogdoedvaldomagalhaes.com.br\/index.php\/wp-json\/wp\/v2\/posts"}],"about":[{"href":"https:\/\/blogdoedvaldomagalhaes.com.br\/index.php\/wp-json\/wp\/v2\/types\/post"}],"author":[{"embeddable":true,"href":"https:\/\/blogdoedvaldomagalhaes.com.br\/index.php\/wp-json\/wp\/v2\/users\/1"}],"replies":[{"embeddable":true,"href":"https:\/\/blogdoedvaldomagalhaes.com.br\/index.php\/wp-json\/wp\/v2\/comments?post=8157"}],"version-history":[{"count":1,"href":"https:\/\/blogdoedvaldomagalhaes.com.br\/index.php\/wp-json\/wp\/v2\/posts\/8157\/revisions"}],"predecessor-version":[{"id":12816,"href":"https:\/\/blogdoedvaldomagalhaes.com.br\/index.php\/wp-json\/wp\/v2\/posts\/8157\/revisions\/12816"}],"wp:attachment":[{"href":"https:\/\/blogdoedvaldomagalhaes.com.br\/index.php\/wp-json\/wp\/v2\/media?parent=8157"}],"wp:term":[{"taxonomy":"category","embeddable":true,"href":"https:\/\/blogdoedvaldomagalhaes.com.br\/index.php\/wp-json\/wp\/v2\/categories?post=8157"},{"taxonomy":"post_tag","embeddable":true,"href":"https:\/\/blogdoedvaldomagalhaes.com.br\/index.php\/wp-json\/wp\/v2\/tags?post=8157"}],"curies":[{"name":"wp","href":"https:\/\/api.w.org\/{rel}","templated":true}]}}