{"id":8153,"date":"2016-09-29T15:56:00","date_gmt":"2016-09-29T18:56:00","guid":{"rendered":"http:\/\/blogdoedvaldomagalhaes.com.br\/index.php\/2016\/09\/29\/motorista-de-ambulancia-morre-e\/"},"modified":"2019-02-09T01:00:57","modified_gmt":"2019-02-09T03:00:57","slug":"motorista-de-ambulancia-morre-e","status":"publish","type":"post","link":"https:\/\/blogdoedvaldomagalhaes.com.br\/index.php\/2016\/09\/29\/motorista-de-ambulancia-morre-e\/","title":{"rendered":"Colis\u00e3o entre caminh\u00e3o e ambul\u00e2ncia mata motorista na BR-232"},"content":{"rendered":"<div class=\"separator\" style=\"clear: both; text-align: center;\">\n<a href=\"https:\/\/2.bp.blogspot.com\/-aCQ76QYda3s\/V-0-2o-hxuI\/AAAAAAAAHK0\/RXbgbSPlWqcBle5UgO3ZZn7EBrYmnlgYwCLcB\/s1600\/caminh%25C3%25A3o.jpg\" imageanchor=\"1\" style=\"margin-left: 1em; margin-right: 1em;\"><img loading=\"lazy\" decoding=\"async\" border=\"0\" height=\"246\" src=\"http:\/\/blogdoedvaldomagalhaes.com.br\/wp-content\/uploads\/2016\/09\/caminhC3A3o.jpg\" width=\"400\" \/><\/a><\/div>\n<div class=\"separator\" style=\"clear: both; text-align: center;\">\n<\/div>\n<div class=\"separator\" style=\"clear: both; text-align: center;\">\n<a href=\"https:\/\/4.bp.blogspot.com\/-dkAb9SNm1kI\/V-023ZN5dTI\/AAAAAAAAHKk\/HQO8H8qgsiwu05h49vwev3Pyzkg-5A5UQCLcB\/s1600\/ambulancia.jpg\" imageanchor=\"1\" style=\"margin-left: 1em; margin-right: 1em;\"><img loading=\"lazy\" decoding=\"async\" border=\"0\" height=\"300\" src=\"http:\/\/blogdoedvaldomagalhaes.com.br\/wp-content\/uploads\/2016\/09\/ambulancia.jpg\" width=\"400\" \/><\/a><\/div>\n<div class=\"separator\" style=\"clear: both; text-align: center;\">\nFoto: Divulga\u00e7\u00e3o\/PRF<\/div>\n<div class=\"separator\" style=\"clear: both; text-align: center;\">\n<\/div>\n<div class=\"MsoNormal\" style=\"text-align: justify;\">\nUma ambul\u00e2ncia e um carro trafegavam no mesmo sentido<br \/>\nno Km 235 da BR-232, em Pesqueira, agreste pernambucano, na manh\u00e3 desta<br \/>\nquinta-feira (29), quando o condutor de um caminh\u00e3o que trafegava em sentido<br \/>\ncontr\u00e1rio perdeu o controle do ve\u00edculo e atingiu os dois autom\u00f3veis. O<br \/>\nmotorista do carro n\u00e3o ficou ferido, j\u00e1 o&nbsp;motorista da ambul\u00e2ncia,&nbsp;Jos\u00e9 Wilton de Sousa Sales,de 59 anos, fico preso \u00e0s ferragens<br \/>\nmorrendo no local, outras tr\u00eas pessoas que estavam na ambul\u00e2ncia ficaram feridas. O motorista do caminh\u00e3o teve ferimentos<br \/>\nleves. Uma t\u00e9cnica de enfermagem foi encaminhada para um hospital no Recife.<br \/>\nM\u00e3e e filha foram socorridas para o Hospital Regional de Arcoverde&nbsp;O motorista do<br \/>\ncaminh\u00e3o informou que teve problemas no freio do ve\u00edculo.<\/div>\n","protected":false},"excerpt":{"rendered":"<p>Foto: Divulga\u00e7\u00e3o\/PRF Uma ambul\u00e2ncia e um carro trafegavam no mesmo sentido no Km 235 da BR-232, em Pesqueira, agreste pernambucano,&hellip;<\/p>\n","protected":false},"author":1,"featured_media":0,"comment_status":"open","ping_status":"open","sticky":false,"template":"","format":"standard","meta":{"footnotes":""},"categories":[1],"tags":[2,12022,6612,6,6227],"class_list":["post-8153","post","type-post","status-publish","format-standard","hentry","category-sem-categoria","tag-blog-do-edvaldo-magalhaes","tag-colisao-entre-caminhao-e-ambulancia-mata-motorista-na-br-232","tag-hospital-regional-de-arcoverde","tag-noticias","tag-pesqueira"],"_links":{"self":[{"href":"https:\/\/blogdoedvaldomagalhaes.com.br\/index.php\/wp-json\/wp\/v2\/posts\/8153","targetHints":{"allow":["GET"]}}],"collection":[{"href":"https:\/\/blogdoedvaldomagalhaes.com.br\/index.php\/wp-json\/wp\/v2\/posts"}],"about":[{"href":"https:\/\/blogdoedvaldomagalhaes.com.br\/index.php\/wp-json\/wp\/v2\/types\/post"}],"author":[{"embeddable":true,"href":"https:\/\/blogdoedvaldomagalhaes.com.br\/index.php\/wp-json\/wp\/v2\/users\/1"}],"replies":[{"embeddable":true,"href":"https:\/\/blogdoedvaldomagalhaes.com.br\/index.php\/wp-json\/wp\/v2\/comments?post=8153"}],"version-history":[{"count":1,"href":"https:\/\/blogdoedvaldomagalhaes.com.br\/index.php\/wp-json\/wp\/v2\/posts\/8153\/revisions"}],"predecessor-version":[{"id":12828,"href":"https:\/\/blogdoedvaldomagalhaes.com.br\/index.php\/wp-json\/wp\/v2\/posts\/8153\/revisions\/12828"}],"wp:attachment":[{"href":"https:\/\/blogdoedvaldomagalhaes.com.br\/index.php\/wp-json\/wp\/v2\/media?parent=8153"}],"wp:term":[{"taxonomy":"category","embeddable":true,"href":"https:\/\/blogdoedvaldomagalhaes.com.br\/index.php\/wp-json\/wp\/v2\/categories?post=8153"},{"taxonomy":"post_tag","embeddable":true,"href":"https:\/\/blogdoedvaldomagalhaes.com.br\/index.php\/wp-json\/wp\/v2\/tags?post=8153"}],"curies":[{"name":"wp","href":"https:\/\/api.w.org\/{rel}","templated":true}]}}