{"id":815,"date":"2018-11-03T13:07:00","date_gmt":"2018-11-03T15:07:00","guid":{"rendered":"http:\/\/blogdoedvaldomagalhaes.com.br\/index.php\/2018\/11\/03\/caca-homicida-recaptura-fugitivo-da\/"},"modified":"2019-02-09T02:38:06","modified_gmt":"2019-02-09T04:38:06","slug":"caca-homicida-recaptura-fugitivo-da","status":"publish","type":"post","link":"https:\/\/blogdoedvaldomagalhaes.com.br\/index.php\/2018\/11\/03\/caca-homicida-recaptura-fugitivo-da\/","title":{"rendered":"Ca\u00e7a Homicida recaptura fugitivo da Funase de Garanuhuns e que cometeu assassinato em Caruaru"},"content":{"rendered":"<p><\/p>\n<div class=\"separator\" style=\"clear: both; text-align: center;\">\n<a href=\"https:\/\/4.bp.blogspot.com\/-J4Pp8qf8P9Q\/W92cpEVtvbI\/AAAAAAAA83k\/ZDPZBzZkqMw1MofPX3hG7aql-QlQ__zmwCLcBGAs\/s1600\/IMG-20181103-WA0060.jpg\" imageanchor=\"1\" style=\"margin-left: 1em; margin-right: 1em;\"><img loading=\"lazy\" decoding=\"async\" border=\"0\" data-original-height=\"183\" data-original-width=\"280\" height=\"418\" src=\"http:\/\/blogdoedvaldomagalhaes.com.br\/wp-content\/uploads\/2018\/11\/IMG-20181103-WA0060.jpg\" width=\"640\" \/><\/a><\/div>\n<p><\/p>\n<div style=\"text-align: justify;\">\nA equipe da GE Ca\u00e7a Homicida apreendeu na manh\u00e3 dessa sexta-feira (02), um indiv\u00edduo que hoje tem 20 anos e antes de completar a maior idade cometeu um assassinato em Caruaru. Ele estava internado na Funase de Garanhuns, de onde conseguiu fugir.<\/div>\n<div style=\"text-align: justify;\">\n<\/div>\n<div style=\"text-align: justify;\">\nO indiv\u00edduo, que mesmo hoje estando de maior idade, n\u00e3o pode ter o nome divulgado devido ao fato de ter cometido o ato a \u00e9poca ainda de menor idade, e por isso continua sendo beneficiado pelo Estatuto da Crian\u00e7a e do Adolescente \u2013 ECA. Ele foi recolhido \u00e1 Funase de Caruaru.<\/div>\n<div style=\"text-align: justify;\">\n<\/div>\n<div style=\"text-align: justify;\">\nFoto e informa\u00e7\u00f5es da Pol\u00edcia Militar.&nbsp;<\/div>\n","protected":false},"excerpt":{"rendered":"<p>A equipe da GE Ca\u00e7a Homicida apreendeu na manh\u00e3 dessa sexta-feira (02), um indiv\u00edduo que hoje tem 20 anos e&hellip;<\/p>\n","protected":false},"author":1,"featured_media":0,"comment_status":"open","ping_status":"open","sticky":false,"template":"","format":"standard","meta":{"footnotes":""},"categories":[1],"tags":[2,759,13],"class_list":["post-815","post","type-post","status-publish","format-standard","hentry","category-sem-categoria","tag-blog-do-edvaldo-magalhaes","tag-caca-homicida-recaptura-fugitivo-da-funase-de-garanuhuns-e-que-cometeu-assassinato-em-caruaru","tag-policial"],"_links":{"self":[{"href":"https:\/\/blogdoedvaldomagalhaes.com.br\/index.php\/wp-json\/wp\/v2\/posts\/815","targetHints":{"allow":["GET"]}}],"collection":[{"href":"https:\/\/blogdoedvaldomagalhaes.com.br\/index.php\/wp-json\/wp\/v2\/posts"}],"about":[{"href":"https:\/\/blogdoedvaldomagalhaes.com.br\/index.php\/wp-json\/wp\/v2\/types\/post"}],"author":[{"embeddable":true,"href":"https:\/\/blogdoedvaldomagalhaes.com.br\/index.php\/wp-json\/wp\/v2\/users\/1"}],"replies":[{"embeddable":true,"href":"https:\/\/blogdoedvaldomagalhaes.com.br\/index.php\/wp-json\/wp\/v2\/comments?post=815"}],"version-history":[{"count":1,"href":"https:\/\/blogdoedvaldomagalhaes.com.br\/index.php\/wp-json\/wp\/v2\/posts\/815\/revisions"}],"predecessor-version":[{"id":35501,"href":"https:\/\/blogdoedvaldomagalhaes.com.br\/index.php\/wp-json\/wp\/v2\/posts\/815\/revisions\/35501"}],"wp:attachment":[{"href":"https:\/\/blogdoedvaldomagalhaes.com.br\/index.php\/wp-json\/wp\/v2\/media?parent=815"}],"wp:term":[{"taxonomy":"category","embeddable":true,"href":"https:\/\/blogdoedvaldomagalhaes.com.br\/index.php\/wp-json\/wp\/v2\/categories?post=815"},{"taxonomy":"post_tag","embeddable":true,"href":"https:\/\/blogdoedvaldomagalhaes.com.br\/index.php\/wp-json\/wp\/v2\/tags?post=815"}],"curies":[{"name":"wp","href":"https:\/\/api.w.org\/{rel}","templated":true}]}}