{"id":8149,"date":"2016-09-29T23:47:00","date_gmt":"2016-09-30T02:47:00","guid":{"rendered":"http:\/\/blogdoedvaldomagalhaes.com.br\/index.php\/2016\/09\/29\/oab-pe-pede-prisao-da-presidente-do\/"},"modified":"2019-02-09T01:00:58","modified_gmt":"2019-02-09T03:00:58","slug":"oab-pe-pede-prisao-da-presidente-do","status":"publish","type":"post","link":"https:\/\/blogdoedvaldomagalhaes.com.br\/index.php\/2016\/09\/29\/oab-pe-pede-prisao-da-presidente-do\/","title":{"rendered":"OAB-PE pede pris\u00e3o da Presidente do Sindicato dos Banc\u00e1rios-PE"},"content":{"rendered":"<div class=\"separator\" style=\"clear: both; text-align: center;\">\n<a href=\"https:\/\/2.bp.blogspot.com\/--jsIKcazhpA\/V-2oCqOE1II\/AAAAAAAAHMA\/o_HpW2mwEAM-qVFJJkGE-KODSi0VOm2FgCLcB\/s1600\/algemas.jpg\" imageanchor=\"1\" style=\"margin-left: 1em; margin-right: 1em;\"><img loading=\"lazy\" decoding=\"async\" border=\"0\" height=\"332\" src=\"http:\/\/blogdoedvaldomagalhaes.com.br\/wp-content\/uploads\/2016\/09\/algemas.jpg\" width=\"400\" \/><\/a><\/div>\n<div class=\"separator\" style=\"clear: both; text-align: center;\">\nFoto: Ilustrativa<\/div>\n<div style=\"list-style: none; text-align: justify;\">\n<\/div>\n<div style=\"list-style: none; text-align: justify;\">\nA Ordem dos Advogados do Brasil Seccional Pernambuco (OAB-PE) entrou nesta quinta-feira (29), com uma a\u00e7\u00e3o judicial para solicitar a pris\u00e3o da Presidente do Sindicato dos Banc\u00e1rios de Pernambuco, Suzineide Rodrigues.<\/div>\n<div style=\"list-style: none; text-align: justify;\">\n<\/div>\n<div style=\"list-style: none; text-align: justify;\">\nOrdem tamb\u00e9m quer aumento de multa di\u00e1ria para pressionar grevistas. A categoria est\u00e1 em greve h\u00e1 mais de tr\u00eas semanas e afirma ter fechado 90% das ag\u00eancias no estado.<\/div>\n<div style=\"color: #333333; font-family: &quot;Open Sans&quot;, sans-serif; font-size: 15px; list-style: none; text-align: justify;\">\n<\/div>\n","protected":false},"excerpt":{"rendered":"<p>Foto: Ilustrativa A Ordem dos Advogados do Brasil Seccional Pernambuco (OAB-PE) entrou nesta quinta-feira (29), com uma a\u00e7\u00e3o judicial para&hellip;<\/p>\n","protected":false},"author":1,"featured_media":0,"comment_status":"open","ping_status":"open","sticky":false,"template":"","format":"standard","meta":{"footnotes":""},"categories":[1],"tags":[2,6,12014,12015],"class_list":["post-8149","post","type-post","status-publish","format-standard","hentry","category-sem-categoria","tag-blog-do-edvaldo-magalhaes","tag-noticias","tag-oab-pe-pede-prisao-da-presidente-do-sindicato-dos-bancarios-pe","tag-suzineide-rodrigues"],"_links":{"self":[{"href":"https:\/\/blogdoedvaldomagalhaes.com.br\/index.php\/wp-json\/wp\/v2\/posts\/8149","targetHints":{"allow":["GET"]}}],"collection":[{"href":"https:\/\/blogdoedvaldomagalhaes.com.br\/index.php\/wp-json\/wp\/v2\/posts"}],"about":[{"href":"https:\/\/blogdoedvaldomagalhaes.com.br\/index.php\/wp-json\/wp\/v2\/types\/post"}],"author":[{"embeddable":true,"href":"https:\/\/blogdoedvaldomagalhaes.com.br\/index.php\/wp-json\/wp\/v2\/users\/1"}],"replies":[{"embeddable":true,"href":"https:\/\/blogdoedvaldomagalhaes.com.br\/index.php\/wp-json\/wp\/v2\/comments?post=8149"}],"version-history":[{"count":1,"href":"https:\/\/blogdoedvaldomagalhaes.com.br\/index.php\/wp-json\/wp\/v2\/posts\/8149\/revisions"}],"predecessor-version":[{"id":12836,"href":"https:\/\/blogdoedvaldomagalhaes.com.br\/index.php\/wp-json\/wp\/v2\/posts\/8149\/revisions\/12836"}],"wp:attachment":[{"href":"https:\/\/blogdoedvaldomagalhaes.com.br\/index.php\/wp-json\/wp\/v2\/media?parent=8149"}],"wp:term":[{"taxonomy":"category","embeddable":true,"href":"https:\/\/blogdoedvaldomagalhaes.com.br\/index.php\/wp-json\/wp\/v2\/categories?post=8149"},{"taxonomy":"post_tag","embeddable":true,"href":"https:\/\/blogdoedvaldomagalhaes.com.br\/index.php\/wp-json\/wp\/v2\/tags?post=8149"}],"curies":[{"name":"wp","href":"https:\/\/api.w.org\/{rel}","templated":true}]}}