{"id":8146,"date":"2016-09-30T10:04:00","date_gmt":"2016-09-30T13:04:00","guid":{"rendered":"http:\/\/blogdoedvaldomagalhaes.com.br\/index.php\/2016\/09\/30\/prazo-do-imposto-territorial-rura\/"},"modified":"2019-02-09T01:01:03","modified_gmt":"2019-02-09T03:01:03","slug":"prazo-do-imposto-territorial-rura","status":"publish","type":"post","link":"https:\/\/blogdoedvaldomagalhaes.com.br\/index.php\/2016\/09\/30\/prazo-do-imposto-territorial-rura\/","title":{"rendered":"Prazo do Imposto Territorial Rural acaba nesta sexta-feira (30)"},"content":{"rendered":"<div class=\"separator\" style=\"clear: both; text-align: center;\">\n<a href=\"https:\/\/4.bp.blogspot.com\/-tK518H9-p88\/V-43-r9SQ4I\/AAAAAAAAHMg\/rcCm9xMjmF4zgVphwAMYEOSEgxzIt4WcwCLcB\/s1600\/itr.jpg\" imageanchor=\"1\" style=\"margin-left: 1em; margin-right: 1em;\"><img loading=\"lazy\" decoding=\"async\" border=\"0\" height=\"260\" src=\"http:\/\/blogdoedvaldomagalhaes.com.br\/wp-content\/uploads\/2016\/09\/itr.jpg\" width=\"400\" \/><\/a><\/div>\n<div style=\"list-style: none; text-align: justify;\">\n<\/div>\n<div style=\"list-style: none; text-align: justify;\">\nTermina nesta sexta-feira (30) o prazo para entrega do Imposto Territorial Rural (ITR) referente ao ano de 2015.Todo propriet\u00e1rio de im\u00f3vel rural como ch\u00e1caras, s\u00edtios e fazendas deve declarar a propriedade na Receita Federal.<\/div>\n<div style=\"list-style: none; text-align: justify;\">\n&nbsp;<\/div>\n<div style=\"list-style: none; text-align: justify;\">\nO imposto pode ser parcelado em at\u00e9 quatro vezes, desde que a parcela n\u00e3o fique menor que 50 reais. A entrega da declara\u00e7\u00e3o ser\u00e1 feita apenas pela internet, atrav\u00e9s do site<b style=\"list-style: none;\">www.receita.fazenda.gov.br<\/b>. Segundo a pr\u00f3pria Receita federal, n\u00e3o existe possibilidade de prorroga\u00e7\u00e3o do prazo.<\/div>\n<div style=\"list-style: none; text-align: justify;\">\n&nbsp;<\/div>\n<div style=\"list-style: none; text-align: justify;\">\nQuem n\u00e3o declarar o imposto n\u00e3o pode fazer opera\u00e7\u00f5es como vender o terreno, fazer invent\u00e1rios e fica impedido de conseguir cr\u00e9dito rural. \u00c1reas de prote\u00e7\u00e3o ambiental tamb\u00e9m devem entrar na declara\u00e7\u00e3o.<\/div>\n<div style=\"list-style: none; text-align: justify;\">\n<\/div>\n<div style=\"list-style: none; text-align: justify;\">\nQuem tiver d\u00favidas deve comparecer no Sindicato dos Trabalhadores Rurais de Caruaru, localizado na avenida Joaquim Nabuco, e procurar o Secret\u00e1rio de Pol\u00edticas Agr\u00edcola e Agr\u00e1ria, Jos\u00e9 Carlos Ferreira.<\/div>\n","protected":false},"excerpt":{"rendered":"<p>Termina nesta sexta-feira (30) o prazo para entrega do Imposto Territorial Rural (ITR) referente ao ano de 2015.Todo propriet\u00e1rio de&hellip;<\/p>\n","protected":false},"author":1,"featured_media":0,"comment_status":"open","ping_status":"open","sticky":false,"template":"","format":"standard","meta":{"footnotes":""},"categories":[1],"tags":[2,12008,6,12009,6900],"class_list":["post-8146","post","type-post","status-publish","format-standard","hentry","category-sem-categoria","tag-blog-do-edvaldo-magalhaes","tag-jose-carlos-ferreira","tag-noticias","tag-prazo-do-imposto-territorial-rural-acaba-nesta-sexta-feira-30","tag-sindicato-dos-trabalhadores-rurais-de-caruaru"],"_links":{"self":[{"href":"https:\/\/blogdoedvaldomagalhaes.com.br\/index.php\/wp-json\/wp\/v2\/posts\/8146","targetHints":{"allow":["GET"]}}],"collection":[{"href":"https:\/\/blogdoedvaldomagalhaes.com.br\/index.php\/wp-json\/wp\/v2\/posts"}],"about":[{"href":"https:\/\/blogdoedvaldomagalhaes.com.br\/index.php\/wp-json\/wp\/v2\/types\/post"}],"author":[{"embeddable":true,"href":"https:\/\/blogdoedvaldomagalhaes.com.br\/index.php\/wp-json\/wp\/v2\/users\/1"}],"replies":[{"embeddable":true,"href":"https:\/\/blogdoedvaldomagalhaes.com.br\/index.php\/wp-json\/wp\/v2\/comments?post=8146"}],"version-history":[{"count":1,"href":"https:\/\/blogdoedvaldomagalhaes.com.br\/index.php\/wp-json\/wp\/v2\/posts\/8146\/revisions"}],"predecessor-version":[{"id":12842,"href":"https:\/\/blogdoedvaldomagalhaes.com.br\/index.php\/wp-json\/wp\/v2\/posts\/8146\/revisions\/12842"}],"wp:attachment":[{"href":"https:\/\/blogdoedvaldomagalhaes.com.br\/index.php\/wp-json\/wp\/v2\/media?parent=8146"}],"wp:term":[{"taxonomy":"category","embeddable":true,"href":"https:\/\/blogdoedvaldomagalhaes.com.br\/index.php\/wp-json\/wp\/v2\/categories?post=8146"},{"taxonomy":"post_tag","embeddable":true,"href":"https:\/\/blogdoedvaldomagalhaes.com.br\/index.php\/wp-json\/wp\/v2\/tags?post=8146"}],"curies":[{"name":"wp","href":"https:\/\/api.w.org\/{rel}","templated":true}]}}