{"id":814,"date":"2018-11-03T14:18:00","date_gmt":"2018-11-03T16:18:00","guid":{"rendered":"http:\/\/blogdoedvaldomagalhaes.com.br\/index.php\/2018\/11\/03\/horario-de-verao-comeca-neste-domingo-4\/"},"modified":"2019-02-09T02:38:06","modified_gmt":"2019-02-09T04:38:06","slug":"horario-de-verao-comeca-neste-domingo-4","status":"publish","type":"post","link":"https:\/\/blogdoedvaldomagalhaes.com.br\/index.php\/2018\/11\/03\/horario-de-verao-comeca-neste-domingo-4\/","title":{"rendered":"Hor\u00e1rio de Ver\u00e3o come\u00e7a neste domingo (4)"},"content":{"rendered":"<div class=\"separator\" style=\"clear: both; text-align: center;\">\n<a href=\"https:\/\/4.bp.blogspot.com\/-v3hwSQ6re4A\/W92tFBrXT0I\/AAAAAAAA830\/AXG3EBPmyJYvmvzge-OqgNPlqoV5vndqgCLcBGAs\/s1600\/download.jpeg\" imageanchor=\"1\" style=\"margin-left: 1em; margin-right: 1em;\"><img loading=\"lazy\" decoding=\"async\" border=\"0\" data-original-height=\"163\" data-original-width=\"310\" height=\"336\" src=\"http:\/\/blogdoedvaldomagalhaes.com.br\/wp-content\/uploads\/2018\/11\/download.jpeg\" width=\"640\" \/><\/a><\/div>\n<p><\/p>\n<div style=\"background-color: white; color: #333333; line-height: 1.5em; margin-bottom: 10px; overflow-wrap: break-word; padding: 0px; text-align: justify;\">\nO hor\u00e1rio de ver\u00e3o de 2018 come\u00e7a a partir de 00h deste domingo dia 4. Houve&nbsp;uma redu\u00e7\u00e3o de duas semanas em rela\u00e7\u00e3o aos anos anteriores, de acordo com decreto assinado pelo presidente Michel Temer em 15 de dezembro de 2017. A data do final n\u00e3o foi modificada e continuar\u00e1 sendo o terceiro domingo de fevereiro.<\/div>\n<div style=\"background-color: white; color: #333333; line-height: 1.5em; margin-bottom: 10px; overflow-wrap: break-word; padding: 0px;\">\n<\/div>\n<div style=\"background-color: white; color: #333333; line-height: 1.5em; margin-bottom: 10px; overflow-wrap: break-word; padding: 0px; text-align: justify;\">\nEssa redu\u00e7\u00e3o atende a um pedido do ent\u00e3o presidente do TSE (Tribunal Superior Eleitoral), Gilmar Mendes, que solicitou a mudan\u00e7a na vig\u00eancia do hor\u00e1rio de ver\u00e3o de 2018 devido \u00e0s elei\u00e7\u00f5es. Segundo o tribunal, a medida facilitar\u00e1 a apura\u00e7\u00e3o dos votos, uma vez que o pa\u00eds n\u00e3o ter\u00e1 uma diferen\u00e7a t\u00e3o extensa de fusos hor\u00e1rios. O primeiro turno da elei\u00e7\u00e3o ser\u00e1 dia 7 de outubro e o segundo, dia 28 do mesmo m\u00eas.<\/p>\n<p>O ajuste vale para as regi\u00f5es Sul, Sudeste e Centro-Oeste. O hor\u00e1rio de ver\u00e3o vai at\u00e9 o dia 17 de fevereiro de 2019.<\/p>\n<div style=\"box-sizing: border-box; color: black; line-height: 23px; margin-bottom: 10px;\">\nA medida n\u00e3o \u00e9 adotada no Nordeste, mas mexe com a rotina dos nordestinos, como hor\u00e1rio banc\u00e1rio, por exemplo. Em Caruaru, os bancos ir\u00e3o abrir para o p\u00fablico das 9h \u00e0s 14h.<\/div>\n<\/div>\n","protected":false},"excerpt":{"rendered":"<p>O hor\u00e1rio de ver\u00e3o de 2018 come\u00e7a a partir de 00h deste domingo dia 4. Houve&nbsp;uma redu\u00e7\u00e3o de duas semanas&hellip;<\/p>\n","protected":false},"author":1,"featured_media":0,"comment_status":"open","ping_status":"open","sticky":false,"template":"","format":"standard","meta":{"footnotes":""},"categories":[1],"tags":[2,758,6],"class_list":["post-814","post","type-post","status-publish","format-standard","hentry","category-sem-categoria","tag-blog-do-edvaldo-magalhaes","tag-horario-de-verao-comeca-neste-domingo-4","tag-noticias"],"_links":{"self":[{"href":"https:\/\/blogdoedvaldomagalhaes.com.br\/index.php\/wp-json\/wp\/v2\/posts\/814","targetHints":{"allow":["GET"]}}],"collection":[{"href":"https:\/\/blogdoedvaldomagalhaes.com.br\/index.php\/wp-json\/wp\/v2\/posts"}],"about":[{"href":"https:\/\/blogdoedvaldomagalhaes.com.br\/index.php\/wp-json\/wp\/v2\/types\/post"}],"author":[{"embeddable":true,"href":"https:\/\/blogdoedvaldomagalhaes.com.br\/index.php\/wp-json\/wp\/v2\/users\/1"}],"replies":[{"embeddable":true,"href":"https:\/\/blogdoedvaldomagalhaes.com.br\/index.php\/wp-json\/wp\/v2\/comments?post=814"}],"version-history":[{"count":1,"href":"https:\/\/blogdoedvaldomagalhaes.com.br\/index.php\/wp-json\/wp\/v2\/posts\/814\/revisions"}],"predecessor-version":[{"id":35503,"href":"https:\/\/blogdoedvaldomagalhaes.com.br\/index.php\/wp-json\/wp\/v2\/posts\/814\/revisions\/35503"}],"wp:attachment":[{"href":"https:\/\/blogdoedvaldomagalhaes.com.br\/index.php\/wp-json\/wp\/v2\/media?parent=814"}],"wp:term":[{"taxonomy":"category","embeddable":true,"href":"https:\/\/blogdoedvaldomagalhaes.com.br\/index.php\/wp-json\/wp\/v2\/categories?post=814"},{"taxonomy":"post_tag","embeddable":true,"href":"https:\/\/blogdoedvaldomagalhaes.com.br\/index.php\/wp-json\/wp\/v2\/tags?post=814"}],"curies":[{"name":"wp","href":"https:\/\/api.w.org\/{rel}","templated":true}]}}