{"id":8138,"date":"2016-10-01T02:53:00","date_gmt":"2016-10-01T05:53:00","guid":{"rendered":"http:\/\/blogdoedvaldomagalhaes.com.br\/index.php\/2016\/10\/01\/assaltantes-roubam-carro-dos-correios\/"},"modified":"2019-02-09T01:01:07","modified_gmt":"2019-02-09T03:01:07","slug":"assaltantes-roubam-carro-dos-correios","status":"publish","type":"post","link":"https:\/\/blogdoedvaldomagalhaes.com.br\/index.php\/2016\/10\/01\/assaltantes-roubam-carro-dos-correios\/","title":{"rendered":"Assaltantes roubam carro dos Correios com v\u00e1rios pertences"},"content":{"rendered":"<div class=\"separator\" style=\"clear: both; text-align: center;\">\n<a href=\"https:\/\/3.bp.blogspot.com\/-UHR1zbWLvYY\/V-8j4Eh6N9I\/AAAAAAAAHPI\/T77uyYPkz_UM8cs7K_R2yN_1LX-EjOP3QCLcB\/s1600\/correios.jpg\" imageanchor=\"1\" style=\"margin-left: 1em; margin-right: 1em;\"><img loading=\"lazy\" decoding=\"async\" border=\"0\" height=\"240\" src=\"http:\/\/blogdoedvaldomagalhaes.com.br\/wp-content\/uploads\/2016\/10\/correios.jpg\" width=\"400\" \/><\/a><\/div>\n<div style=\"text-align: justify;\">\nUm carro dos Correios foi tomado em assalto na manh\u00e3 desta sexta-feira (30), em Caruaru, agreste pernambucano. Segundo informa\u00e7\u00f5es, o ve\u00edculo estava no bairro S\u00e3o Francisco, quando o fato aconteceu. Os elementos levaram o ve\u00edculo com todos os pertences que havia no interior do mesmo.<\/div>\n<div style=\"text-align: justify;\">\n<\/div>\n<div class=\"separator\" style=\"clear: both; text-align: center;\">\n<a href=\"https:\/\/2.bp.blogspot.com\/-UmCf3hqAGRE\/V-8j7ynBZ7I\/AAAAAAAAHPM\/5kuskBt7OZQoO73bIYyf31cUbnqsdyrjgCLcB\/s1600\/correeios1.jpg\" imageanchor=\"1\" style=\"margin-left: 1em; margin-right: 1em;\"><img loading=\"lazy\" decoding=\"async\" border=\"0\" height=\"240\" src=\"http:\/\/blogdoedvaldomagalhaes.com.br\/wp-content\/uploads\/2016\/10\/correeios1.jpg\" width=\"400\" \/><\/a><\/div>\n","protected":false},"excerpt":{"rendered":"<p>Um carro dos Correios foi tomado em assalto na manh\u00e3 desta sexta-feira (30), em Caruaru, agreste pernambucano. Segundo informa\u00e7\u00f5es, o&hellip;<\/p>\n","protected":false},"author":1,"featured_media":0,"comment_status":"open","ping_status":"open","sticky":false,"template":"","format":"standard","meta":{"footnotes":""},"categories":[1],"tags":[11997,2,13,2107],"class_list":["post-8138","post","type-post","status-publish","format-standard","hentry","category-sem-categoria","tag-assaltantes-roubam-carro-dos-correios-com-varios-pertences-bairro-sao-francisco","tag-blog-do-edvaldo-magalhaes","tag-policial","tag-ultimas-noticias-de-caruaru"],"_links":{"self":[{"href":"https:\/\/blogdoedvaldomagalhaes.com.br\/index.php\/wp-json\/wp\/v2\/posts\/8138","targetHints":{"allow":["GET"]}}],"collection":[{"href":"https:\/\/blogdoedvaldomagalhaes.com.br\/index.php\/wp-json\/wp\/v2\/posts"}],"about":[{"href":"https:\/\/blogdoedvaldomagalhaes.com.br\/index.php\/wp-json\/wp\/v2\/types\/post"}],"author":[{"embeddable":true,"href":"https:\/\/blogdoedvaldomagalhaes.com.br\/index.php\/wp-json\/wp\/v2\/users\/1"}],"replies":[{"embeddable":true,"href":"https:\/\/blogdoedvaldomagalhaes.com.br\/index.php\/wp-json\/wp\/v2\/comments?post=8138"}],"version-history":[{"count":1,"href":"https:\/\/blogdoedvaldomagalhaes.com.br\/index.php\/wp-json\/wp\/v2\/posts\/8138\/revisions"}],"predecessor-version":[{"id":12864,"href":"https:\/\/blogdoedvaldomagalhaes.com.br\/index.php\/wp-json\/wp\/v2\/posts\/8138\/revisions\/12864"}],"wp:attachment":[{"href":"https:\/\/blogdoedvaldomagalhaes.com.br\/index.php\/wp-json\/wp\/v2\/media?parent=8138"}],"wp:term":[{"taxonomy":"category","embeddable":true,"href":"https:\/\/blogdoedvaldomagalhaes.com.br\/index.php\/wp-json\/wp\/v2\/categories?post=8138"},{"taxonomy":"post_tag","embeddable":true,"href":"https:\/\/blogdoedvaldomagalhaes.com.br\/index.php\/wp-json\/wp\/v2\/tags?post=8138"}],"curies":[{"name":"wp","href":"https:\/\/api.w.org\/{rel}","templated":true}]}}