{"id":8136,"date":"2016-10-01T13:24:00","date_gmt":"2016-10-01T16:24:00","guid":{"rendered":"http:\/\/blogdoedvaldomagalhaes.com.br\/index.php\/2016\/10\/01\/saiba-onde-e-que-horas-os-candidatos\/"},"modified":"2019-02-09T01:01:09","modified_gmt":"2019-02-09T03:01:09","slug":"saiba-onde-e-que-horas-os-candidatos","status":"publish","type":"post","link":"https:\/\/blogdoedvaldomagalhaes.com.br\/index.php\/2016\/10\/01\/saiba-onde-e-que-horas-os-candidatos\/","title":{"rendered":"Saiba onde e que horas os candidatos a Prefeito de Caruaru ir\u00e3o votar"},"content":{"rendered":"<div class=\"separator\" style=\"clear: both; text-align: center;\">\n<a href=\"https:\/\/3.bp.blogspot.com\/-gowe4TGxIE0\/V--44O59nmI\/AAAAAAAAHQI\/2LjFpUQ4CwUovVRJ_-qxoS7_8AK4aFmZACLcB\/s1600\/elei%25C3%25A7%25C3%25B5es.jpg\" imageanchor=\"1\" style=\"margin-left: 1em; margin-right: 1em;\"><img loading=\"lazy\" decoding=\"async\" border=\"0\" height=\"232\" src=\"http:\/\/blogdoedvaldomagalhaes.com.br\/wp-content\/uploads\/2016\/10\/eleiC3A7C3B5es.jpg\" width=\"400\" \/><\/a><\/div>\n<div style=\"text-align: justify;\">\n<\/div>\n<div style=\"text-align: justify;\">\nOs rep\u00f3rteres da R\u00e1dio Liberdade ir\u00e3o acompanhar os votos dos 7 candidatos \u00e0 Prefeitura de Caruaru, neste domingo (02). Seis ir\u00e3o votar pela manh\u00e3.<\/div>\n<div style=\"text-align: justify;\">\n<\/div>\n<div style=\"text-align: justify;\">\nTony Gel (PMDB) votar\u00e1 \u00e0s 8h, no Col\u00e9gio Diocesano<\/div>\n<div style=\"text-align: justify;\">\nErick Lessa (PR) na Asces-Unita \u00e0s 8h30<\/div>\n<div style=\"text-align: justify;\">\nJefferson Abra\u00e3o (PCB) no Senai \u00e0s 8h30&nbsp;<\/div>\n<div style=\"text-align: justify;\">\nRivaldo Soares (PHS) na GRE \u00e0s 9h<\/div>\n<div style=\"text-align: justify;\">\nEduardo Guerra (PSOL) na Asces-Unita \u00e0s 9h<\/div>\n<div style=\"text-align: justify;\">\nRaquel Lyra (PSDB) no Col\u00e9gio Diocesano \u00e0s 11h45<\/div>\n<div style=\"text-align: justify;\">\nJorge Gomes (PSB) no Sesc \u00e0s 12h40<\/div>\n<div style=\"text-align: justify;\">\n<\/div>\n","protected":false},"excerpt":{"rendered":"<p>Os rep\u00f3rteres da R\u00e1dio Liberdade ir\u00e3o acompanhar os votos dos 7 candidatos \u00e0 Prefeitura de Caruaru, neste domingo (02). Seis&hellip;<\/p>\n","protected":false},"author":1,"featured_media":0,"comment_status":"open","ping_status":"open","sticky":false,"template":"","format":"standard","meta":{"footnotes":""},"categories":[1],"tags":[2,11431,11995],"class_list":["post-8136","post","type-post","status-publish","format-standard","hentry","category-sem-categoria","tag-blog-do-edvaldo-magalhaes","tag-eleicoes-2016","tag-saiba-onde-e-que-horas-os-candidatos-a-prefeito-de-caruaru-irao-votar"],"_links":{"self":[{"href":"https:\/\/blogdoedvaldomagalhaes.com.br\/index.php\/wp-json\/wp\/v2\/posts\/8136","targetHints":{"allow":["GET"]}}],"collection":[{"href":"https:\/\/blogdoedvaldomagalhaes.com.br\/index.php\/wp-json\/wp\/v2\/posts"}],"about":[{"href":"https:\/\/blogdoedvaldomagalhaes.com.br\/index.php\/wp-json\/wp\/v2\/types\/post"}],"author":[{"embeddable":true,"href":"https:\/\/blogdoedvaldomagalhaes.com.br\/index.php\/wp-json\/wp\/v2\/users\/1"}],"replies":[{"embeddable":true,"href":"https:\/\/blogdoedvaldomagalhaes.com.br\/index.php\/wp-json\/wp\/v2\/comments?post=8136"}],"version-history":[{"count":1,"href":"https:\/\/blogdoedvaldomagalhaes.com.br\/index.php\/wp-json\/wp\/v2\/posts\/8136\/revisions"}],"predecessor-version":[{"id":12868,"href":"https:\/\/blogdoedvaldomagalhaes.com.br\/index.php\/wp-json\/wp\/v2\/posts\/8136\/revisions\/12868"}],"wp:attachment":[{"href":"https:\/\/blogdoedvaldomagalhaes.com.br\/index.php\/wp-json\/wp\/v2\/media?parent=8136"}],"wp:term":[{"taxonomy":"category","embeddable":true,"href":"https:\/\/blogdoedvaldomagalhaes.com.br\/index.php\/wp-json\/wp\/v2\/categories?post=8136"},{"taxonomy":"post_tag","embeddable":true,"href":"https:\/\/blogdoedvaldomagalhaes.com.br\/index.php\/wp-json\/wp\/v2\/tags?post=8136"}],"curies":[{"name":"wp","href":"https:\/\/api.w.org\/{rel}","templated":true}]}}