{"id":8135,"date":"2016-10-01T15:51:00","date_gmt":"2016-10-01T18:51:00","guid":{"rendered":"http:\/\/blogdoedvaldomagalhaes.com.br\/index.php\/2016\/10\/01\/grave-acidente-envolvendo-varios\/"},"modified":"2019-02-09T01:01:12","modified_gmt":"2019-02-09T03:01:12","slug":"grave-acidente-envolvendo-varios","status":"publish","type":"post","link":"https:\/\/blogdoedvaldomagalhaes.com.br\/index.php\/2016\/10\/01\/grave-acidente-envolvendo-varios\/","title":{"rendered":"Grave acidente envolvendo v\u00e1rios ve\u00edculos na BR-232 com v\u00edtimas"},"content":{"rendered":"<div class=\"separator\" style=\"clear: both; text-align: center;\">\n<a href=\"https:\/\/4.bp.blogspot.com\/-kJllV77L5WQ\/V-_bBE7d23I\/AAAAAAAAHQY\/3oCYUzgeX9UhQGLODU0axo033BizSxpSgCLcB\/s1600\/moreno.jpg\" imageanchor=\"1\" style=\"margin-left: 1em; margin-right: 1em;\"><img loading=\"lazy\" decoding=\"async\" border=\"0\" height=\"298\" src=\"http:\/\/blogdoedvaldomagalhaes.com.br\/wp-content\/uploads\/2016\/10\/moreno.jpg\" width=\"400\" \/><\/a><\/div>\n<div class=\"separator\" style=\"clear: both; text-align: center;\">\n<\/div>\n<div class=\"separator\" style=\"clear: both; text-align: center;\">\n<a href=\"https:\/\/3.bp.blogspot.com\/-K5gu-Gu_qCo\/V_AMa5npETI\/AAAAAAAAHSI\/_gZAZOTJ_XggLEJ9S9NhLkZldohR0qI_ACLcB\/s1600\/este.jpg\" imageanchor=\"1\" style=\"margin-left: 1em; margin-right: 1em;\"><img loading=\"lazy\" decoding=\"async\" border=\"0\" height=\"225\" src=\"http:\/\/blogdoedvaldomagalhaes.com.br\/wp-content\/uploads\/2016\/10\/este.jpg\" width=\"400\" \/><\/a><\/div>\n<div class=\"separator\" style=\"clear: both; text-align: center;\">\n<\/div>\n<div class=\"separator\" style=\"clear: both; text-align: center;\">\n<a href=\"https:\/\/1.bp.blogspot.com\/-3IYF6pZElEc\/V-_h0l5xXwI\/AAAAAAAAHQo\/8NNs8ElYxwQS-OlH1g5yRB9tAvJ05QVgQCLcB\/s1600\/01.jpg\" imageanchor=\"1\" style=\"margin-left: 1em; margin-right: 1em;\"><img loading=\"lazy\" decoding=\"async\" border=\"0\" height=\"300\" src=\"http:\/\/blogdoedvaldomagalhaes.com.br\/wp-content\/uploads\/2016\/10\/01.jpg\" width=\"400\" \/><\/a><\/div>\n<p><\/p>\n<div class=\"separator\" style=\"clear: both; text-align: center;\">\n<a href=\"https:\/\/1.bp.blogspot.com\/-6nXY0QTFT-o\/V-_h1kdHHjI\/AAAAAAAAHQs\/k5Kbeq97uH4-YKxcBeZFYY83FS40Ad5ggCLcB\/s1600\/02.jpg\" imageanchor=\"1\" style=\"margin-left: 1em; margin-right: 1em;\"><img loading=\"lazy\" decoding=\"async\" border=\"0\" height=\"300\" src=\"http:\/\/blogdoedvaldomagalhaes.com.br\/wp-content\/uploads\/2016\/10\/02.jpg\" width=\"400\" \/><\/a><\/div>\n<p><\/p>\n<div class=\"separator\" style=\"clear: both; text-align: center;\">\n<a href=\"https:\/\/4.bp.blogspot.com\/-baQi4yxD98M\/V-_h3XOp2GI\/AAAAAAAAHQw\/SUHd-OnpnXcbAsvI7zY7Q6IPq73t97PEgCLcB\/s1600\/03.jpg\" imageanchor=\"1\" style=\"margin-left: 1em; margin-right: 1em;\"><img loading=\"lazy\" decoding=\"async\" border=\"0\" height=\"300\" src=\"http:\/\/blogdoedvaldomagalhaes.com.br\/wp-content\/uploads\/2016\/10\/03.jpg\" width=\"400\" \/><\/a><\/div>\n<p><\/p>\n<div class=\"separator\" style=\"clear: both; text-align: center;\">\n<a href=\"https:\/\/4.bp.blogspot.com\/-uh62cu2tSws\/V-_h4rVyBvI\/AAAAAAAAHQ0\/9F6PlSHTb44tRIpuMCNwfUgrxhbA09MggCLcB\/s1600\/04.jpg\" imageanchor=\"1\" style=\"margin-left: 1em; margin-right: 1em;\"><img loading=\"lazy\" decoding=\"async\" border=\"0\" height=\"225\" src=\"http:\/\/blogdoedvaldomagalhaes.com.br\/wp-content\/uploads\/2016\/10\/04.jpg\" width=\"400\" \/><\/a><\/div>\n<p><\/p>\n<div class=\"separator\" style=\"clear: both; text-align: center;\">\n<a href=\"https:\/\/3.bp.blogspot.com\/-3ogaSMbhb1A\/V-_h59eqYQI\/AAAAAAAAHQ4\/A0axLJG4zdQLfro0_CX6RCgdWpRhiw2VQCLcB\/s1600\/05.jpg\" imageanchor=\"1\" style=\"margin-left: 1em; margin-right: 1em;\"><img loading=\"lazy\" decoding=\"async\" border=\"0\" height=\"225\" src=\"http:\/\/blogdoedvaldomagalhaes.com.br\/wp-content\/uploads\/2016\/10\/05.jpg\" width=\"400\" \/><\/a><\/div>\n<p><\/p>\n<div class=\"separator\" style=\"clear: both; text-align: center;\">\n<a href=\"https:\/\/4.bp.blogspot.com\/-P8Z1JqTidgM\/V-_h7brROJI\/AAAAAAAAHQ8\/enoWoMIPVIgfgYZIZdGVSif6lmj9UKKvACLcB\/s1600\/06.jpg\" imageanchor=\"1\" style=\"margin-left: 1em; margin-right: 1em;\"><img loading=\"lazy\" decoding=\"async\" border=\"0\" height=\"300\" src=\"http:\/\/blogdoedvaldomagalhaes.com.br\/wp-content\/uploads\/2016\/10\/06.jpg\" width=\"400\" \/><\/a><\/div>\n<div class=\"separator\" style=\"clear: both; text-align: center;\">\n<\/div>\n<div class=\"separator\" style=\"clear: both; text-align: center;\">\n<a href=\"https:\/\/3.bp.blogspot.com\/-6UP493CCXeE\/V_AJyiPLYlI\/AAAAAAAAHRw\/8rK3KM46WFYVf7_35x5Scrk-3cknOWDNwCLcB\/s1600\/01.jpg\" imageanchor=\"1\" style=\"margin-left: 1em; margin-right: 1em;\"><img loading=\"lazy\" decoding=\"async\" border=\"0\" height=\"225\" src=\"http:\/\/blogdoedvaldomagalhaes.com.br\/wp-content\/uploads\/2016\/10\/01-1.jpg\" width=\"400\" \/><\/a><\/div>\n<div class=\"separator\" style=\"clear: both; text-align: center;\">\n<\/div>\n<div class=\"separator\" style=\"clear: both; text-align: justify;\">\nUm engavetamento aconteceu \u00e1s 12h05 no Km 17,0 BR-232, sentido Caruaru\/Recife, em Jaboat\u00e3o dos Guararapes, na Regi\u00e3o Metropolitana do Recife. Um helic\u00f3ptero est\u00e1 no local para socorrer as v\u00edtimas mais graves. De acordo com a Pol\u00edcia Rodovi\u00e1ria Federal (PRF), um inc\u00eandio na vegeta\u00e7\u00e3o \u00e0s margens da rodovia, foi a causa do engavetamento, as altas chamas dificultaram a visibilidade dos motoristas na pista, ocasionando o acidente, ap\u00f3s a colis\u00e3o, houve uma explos\u00e3o incendiando seis ve\u00edculos envolvidos.&nbsp;<\/div>\n<div class=\"separator\" style=\"clear: both; text-align: justify;\">\n<\/div>\n<div class=\"separator\" style=\"clear: both; text-align: justify;\">\nAo todo foram 09 ve\u00edculos atingidos, sendo seis carros e tr\u00eas motocicletas. Uma v\u00edtima fatal confirmada at\u00e9 o presente momento. Uma crian\u00e7a teve ferimentos leves e foi socorrida pelo respons\u00e1vel. Com a proximidade das chamas, os ve\u00edculos pegaram fogo. A PRF fez interdi\u00e7\u00e3o parcial da via, o Corpo de Bombeiros fez a limpeza da rodovia, liberando o tr\u00e1fego. O corpo da v\u00edtima de 49 anos, foi encaminhado ao Instituto de Medicina Legal (IML), no Recife.<\/div>\n<div class=\"separator\" style=\"clear: both; text-align: justify;\">\n<\/div>\n<div style=\"list-style: none; text-align: justify;\">\nA v\u00edtima fatal foi Gilvan Luiz Alves, 47. Ele foi resgatado com vida, mas morreu ainda no local. &#8220;A gente tentou tirar ele com vida, mas n\u00e3o conseguiu. Eu conhecia ele de vista s\u00f3. Conseguimos depois voltar e tirar as outras pessoas dos carros, mas logo ap\u00f3s os carros explodiram um por um. Foi muito r\u00e1pido, mas todo mundo se ajudou&#8221;, contou o pintor Maciel de Oliveira, de 28 anos, um dos motociclistas envolvido no acidente.<\/div>\n<div style=\"list-style: none; text-align: justify;\">\n&nbsp;<\/div>\n<div class=\"separator\" style=\"clear: both; text-align: justify;\">\n<\/div>\n<div style=\"list-style: none; text-align: justify;\">\nMaciel foi um dos primeiros a colidir. &#8220;A gente tentou passar a cortina de fuma\u00e7a pensando que dava, mas quando entrei tinha um caminh\u00e3o batido e dois carros atr\u00e1s dele. Tentei desviar, mas n\u00e3o consegui, acabei batendo tamb\u00e9m. E dois carros logo atr\u00e1s colidiram tamb\u00e9m. Eu soltei a moto e sa\u00ed ileso. Mas foi terr\u00edvel, terr\u00edvel&#8221;, contou.<\/div>\n<div class=\"separator\" style=\"clear: both; text-align: justify;\">\n<\/div>\n<div class=\"separator\" style=\"clear: both; text-align: center;\">\n<\/div>\n<div class=\"separator\" style=\"clear: both; text-align: center;\">\nV\u00eddeo enviado por de Wagner Sales<\/div>\n","protected":false},"excerpt":{"rendered":"<p>Um engavetamento aconteceu \u00e1s 12h05 no Km 17,0 BR-232, sentido Caruaru\/Recife, em Jaboat\u00e3o dos Guararapes, na Regi\u00e3o Metropolitana do Recife.&hellip;<\/p>\n","protected":false},"author":1,"featured_media":0,"comment_status":"open","ping_status":"open","sticky":false,"template":"","format":"standard","meta":{"footnotes":""},"categories":[1],"tags":[2,11994,6],"class_list":["post-8135","post","type-post","status-publish","format-standard","hentry","category-sem-categoria","tag-blog-do-edvaldo-magalhaes","tag-grave-acidente-envolvendo-varios-veiculos-na-br-232-com-vitimas","tag-noticias"],"_links":{"self":[{"href":"https:\/\/blogdoedvaldomagalhaes.com.br\/index.php\/wp-json\/wp\/v2\/posts\/8135","targetHints":{"allow":["GET"]}}],"collection":[{"href":"https:\/\/blogdoedvaldomagalhaes.com.br\/index.php\/wp-json\/wp\/v2\/posts"}],"about":[{"href":"https:\/\/blogdoedvaldomagalhaes.com.br\/index.php\/wp-json\/wp\/v2\/types\/post"}],"author":[{"embeddable":true,"href":"https:\/\/blogdoedvaldomagalhaes.com.br\/index.php\/wp-json\/wp\/v2\/users\/1"}],"replies":[{"embeddable":true,"href":"https:\/\/blogdoedvaldomagalhaes.com.br\/index.php\/wp-json\/wp\/v2\/comments?post=8135"}],"version-history":[{"count":1,"href":"https:\/\/blogdoedvaldomagalhaes.com.br\/index.php\/wp-json\/wp\/v2\/posts\/8135\/revisions"}],"predecessor-version":[{"id":12878,"href":"https:\/\/blogdoedvaldomagalhaes.com.br\/index.php\/wp-json\/wp\/v2\/posts\/8135\/revisions\/12878"}],"wp:attachment":[{"href":"https:\/\/blogdoedvaldomagalhaes.com.br\/index.php\/wp-json\/wp\/v2\/media?parent=8135"}],"wp:term":[{"taxonomy":"category","embeddable":true,"href":"https:\/\/blogdoedvaldomagalhaes.com.br\/index.php\/wp-json\/wp\/v2\/categories?post=8135"},{"taxonomy":"post_tag","embeddable":true,"href":"https:\/\/blogdoedvaldomagalhaes.com.br\/index.php\/wp-json\/wp\/v2\/tags?post=8135"}],"curies":[{"name":"wp","href":"https:\/\/api.w.org\/{rel}","templated":true}]}}