{"id":8131,"date":"2016-10-01T19:48:00","date_gmt":"2016-10-01T22:48:00","guid":{"rendered":"http:\/\/blogdoedvaldomagalhaes.com.br\/index.php\/2016\/10\/01\/vizinho-que-estuprou-crianca-de-7-anos\/"},"modified":"2019-02-09T01:01:13","modified_gmt":"2019-02-09T03:01:13","slug":"vizinho-que-estuprou-crianca-de-7-anos","status":"publish","type":"post","link":"https:\/\/blogdoedvaldomagalhaes.com.br\/index.php\/2016\/10\/01\/vizinho-que-estuprou-crianca-de-7-anos\/","title":{"rendered":"Vizinho que estuprou crian\u00e7a de 7 anos e tentou mata-la foi detido"},"content":{"rendered":"<div class=\"separator\" style=\"clear: both; text-align: center;\">\n<a href=\"https:\/\/3.bp.blogspot.com\/-a9NtTthZy2o\/V_AQzWMN56I\/AAAAAAAAHSg\/v9x9ZQJ20ZoQdJZCVnde6PW_sEPH8FO7QCLcB\/s1600\/tarado.jpg\" imageanchor=\"1\" style=\"margin-left: 1em; margin-right: 1em;\"><img loading=\"lazy\" decoding=\"async\" border=\"0\" height=\"225\" src=\"http:\/\/blogdoedvaldomagalhaes.com.br\/wp-content\/uploads\/2016\/10\/tarado.jpg\" width=\"400\" \/><\/a><\/div>\n<div style=\"text-align: justify;\">\nUma crian\u00e7a de 7 anos de idade do sexo masculino, foi estuprada pelo vizinho<br \/>\nnessa sexta-feira (30), na zona rural do munic\u00edpio de Jucati, agreste<br \/>\npernambucano.<\/div>\n<div style=\"text-align: justify;\">\nDe acordo com informa\u00e7\u00f5es da pol\u00edcia, o suspeito de<br \/>\ncometer o crime foi o vizinho da v\u00edtima, identificado como Jo\u00e3o Batista<br \/>\nda Costa, ele teria tentado matar a crian\u00e7a, que chegou a desmaiar.<br \/>\nAchando que o menino tinha morrido, o elemento praticou o estupro e foi<br \/>\nembora, familiares socorreram o menino levando para o hospital de Jucati. A Pol\u00edcia Militar foi comunicada do fato, e junto com o pai da crian\u00e7a iniciou as dilig\u00eancias, que resultaram na pris\u00e3o do estuprador.<\/div>\n<div style=\"text-align: justify;\">\n<\/div>\n<div style=\"text-align: justify;\">\nJo\u00e3o Batista estava no S\u00edtio Pirim, na divisa<br \/>\nde Jucati com S\u00e3o Bento do Una. Ele foi levado \u00e0 delegacia de Pol\u00edcia Civil do munic\u00edpio,<br \/>\nautuado em flagrante e recolhido ao Presidio Desembargador Augusto<br \/>\nDuque, em Pesqueira. A crian\u00e7a foi medicada e passa bem.<\/div>\n","protected":false},"excerpt":{"rendered":"<p>Uma crian\u00e7a de 7 anos de idade do sexo masculino, foi estuprada pelo vizinho nessa sexta-feira (30), na zona rural&hellip;<\/p>\n","protected":false},"author":1,"featured_media":0,"comment_status":"open","ping_status":"open","sticky":false,"template":"","format":"standard","meta":{"footnotes":""},"categories":[1],"tags":[11985,2,11986,13,11987,11988],"class_list":["post-8131","post","type-post","status-publish","format-standard","hentry","category-sem-categoria","tag-15o-bpm","tag-blog-do-edvaldo-magalhaes","tag-jucati","tag-policial","tag-presidio-de-pesqueira","tag-vizinho-que-estuprou-crianca-de-7-anos-e-tentou-mata-la-foi-detido"],"_links":{"self":[{"href":"https:\/\/blogdoedvaldomagalhaes.com.br\/index.php\/wp-json\/wp\/v2\/posts\/8131","targetHints":{"allow":["GET"]}}],"collection":[{"href":"https:\/\/blogdoedvaldomagalhaes.com.br\/index.php\/wp-json\/wp\/v2\/posts"}],"about":[{"href":"https:\/\/blogdoedvaldomagalhaes.com.br\/index.php\/wp-json\/wp\/v2\/types\/post"}],"author":[{"embeddable":true,"href":"https:\/\/blogdoedvaldomagalhaes.com.br\/index.php\/wp-json\/wp\/v2\/users\/1"}],"replies":[{"embeddable":true,"href":"https:\/\/blogdoedvaldomagalhaes.com.br\/index.php\/wp-json\/wp\/v2\/comments?post=8131"}],"version-history":[{"count":1,"href":"https:\/\/blogdoedvaldomagalhaes.com.br\/index.php\/wp-json\/wp\/v2\/posts\/8131\/revisions"}],"predecessor-version":[{"id":12888,"href":"https:\/\/blogdoedvaldomagalhaes.com.br\/index.php\/wp-json\/wp\/v2\/posts\/8131\/revisions\/12888"}],"wp:attachment":[{"href":"https:\/\/blogdoedvaldomagalhaes.com.br\/index.php\/wp-json\/wp\/v2\/media?parent=8131"}],"wp:term":[{"taxonomy":"category","embeddable":true,"href":"https:\/\/blogdoedvaldomagalhaes.com.br\/index.php\/wp-json\/wp\/v2\/categories?post=8131"},{"taxonomy":"post_tag","embeddable":true,"href":"https:\/\/blogdoedvaldomagalhaes.com.br\/index.php\/wp-json\/wp\/v2\/tags?post=8131"}],"curies":[{"name":"wp","href":"https:\/\/api.w.org\/{rel}","templated":true}]}}