{"id":8129,"date":"2016-10-01T23:36:00","date_gmt":"2016-10-02T02:36:00","guid":{"rendered":"http:\/\/blogdoedvaldomagalhaes.com.br\/index.php\/2016\/10\/01\/veja-programacao-dos-onibus-neste\/"},"modified":"2019-02-09T01:01:14","modified_gmt":"2019-02-09T03:01:14","slug":"veja-programacao-dos-onibus-neste","status":"publish","type":"post","link":"https:\/\/blogdoedvaldomagalhaes.com.br\/index.php\/2016\/10\/01\/veja-programacao-dos-onibus-neste\/","title":{"rendered":"Veja a programa\u00e7\u00e3o dos \u00f4nibus neste domingo dia das elei\u00e7\u00f5es"},"content":{"rendered":"<div id=\"ext-gen2622\" style=\"background-color: white; border: 0px; color: #444444; font-family: &quot;Open Sans&quot;, serif; font-size: 16px; font-stretch: inherit; font-variant-numeric: inherit; line-height: inherit; margin: 0px; outline: 0px; padding: 0px; text-align: justify; vertical-align: baseline;\">\nVeja a programa\u00e7\u00e3o operacional das linhas de \u00f4nibus para este domingo (02), dia das Elei\u00e7\u00f5es Municipais. O n\u00famero de ve\u00edculos que estar\u00e3o em circula\u00e7\u00e3o em cada bairro e o intervalo de tempo entre cada viagem.<\/div>\n<div style=\"background-color: white; border: 0px; color: #444444; font-family: &quot;Open Sans&quot;, serif; font-size: 16px; font-stretch: inherit; font-variant-numeric: inherit; line-height: inherit; margin: 0px; outline: 0px; padding: 0px; text-align: justify; vertical-align: baseline;\">\n&nbsp;.<\/div>\n<div style=\"background-color: white; border: 0px; color: #444444; font-family: &quot;Open Sans&quot;, serif; font-size: 16px; font-stretch: inherit; font-variant-numeric: inherit; line-height: inherit; margin: 0px; outline: 0px; padding: 0px; text-align: justify; vertical-align: baseline;\">\n<strong style=\"border: 0px; font-family: inherit; font-stretch: inherit; font-style: inherit; font-variant: inherit; line-height: inherit; margin: 0px; outline: 0px; padding: 0px; vertical-align: baseline;\">Confira logo abaixo:<\/strong><\/div>\n<div class=\"separator\" style=\"clear: both; text-align: center;\">\n<a href=\"https:\/\/4.bp.blogspot.com\/-rh1cujBrpKg\/V_BHs3aAFYI\/AAAAAAAAHTM\/icM9MOwPejghE4TQQbQiZ0aVSolpdRcfQCLcB\/s1600\/destra.png\" imageanchor=\"1\" style=\"margin-left: 1em; margin-right: 1em;\"><img loading=\"lazy\" decoding=\"async\" border=\"0\" height=\"393\" src=\"http:\/\/blogdoedvaldomagalhaes.com.br\/wp-content\/uploads\/2016\/10\/destra.png\" width=\"400\" \/><\/a><\/div>\n<div style=\"color: #333333; font-family: &quot;Open Sans&quot;, sans-serif; font-size: 15px; list-style: none; text-align: justify;\">\n<\/div>\n","protected":false},"excerpt":{"rendered":"<p>Veja a programa\u00e7\u00e3o operacional das linhas de \u00f4nibus para este domingo (02), dia das Elei\u00e7\u00f5es Municipais. O n\u00famero de ve\u00edculos&hellip;<\/p>\n","protected":false},"author":1,"featured_media":0,"comment_status":"open","ping_status":"open","sticky":false,"template":"","format":"standard","meta":{"footnotes":""},"categories":[1],"tags":[3293,2,3473,5935,4054,8315,4360,6,11983,3606],"class_list":["post-8129","post","type-post","status-publish","format-standard","hentry","category-sem-categoria","tag-alto-do-moura","tag-blog-do-edvaldo-magalhaes","tag-boa-vista","tag-caruaru-shopping","tag-jardim-panorama","tag-joao-mota","tag-maria-auxiliadora","tag-noticias","tag-polo-comercial","tag-salgado"],"_links":{"self":[{"href":"https:\/\/blogdoedvaldomagalhaes.com.br\/index.php\/wp-json\/wp\/v2\/posts\/8129","targetHints":{"allow":["GET"]}}],"collection":[{"href":"https:\/\/blogdoedvaldomagalhaes.com.br\/index.php\/wp-json\/wp\/v2\/posts"}],"about":[{"href":"https:\/\/blogdoedvaldomagalhaes.com.br\/index.php\/wp-json\/wp\/v2\/types\/post"}],"author":[{"embeddable":true,"href":"https:\/\/blogdoedvaldomagalhaes.com.br\/index.php\/wp-json\/wp\/v2\/users\/1"}],"replies":[{"embeddable":true,"href":"https:\/\/blogdoedvaldomagalhaes.com.br\/index.php\/wp-json\/wp\/v2\/comments?post=8129"}],"version-history":[{"count":1,"href":"https:\/\/blogdoedvaldomagalhaes.com.br\/index.php\/wp-json\/wp\/v2\/posts\/8129\/revisions"}],"predecessor-version":[{"id":12892,"href":"https:\/\/blogdoedvaldomagalhaes.com.br\/index.php\/wp-json\/wp\/v2\/posts\/8129\/revisions\/12892"}],"wp:attachment":[{"href":"https:\/\/blogdoedvaldomagalhaes.com.br\/index.php\/wp-json\/wp\/v2\/media?parent=8129"}],"wp:term":[{"taxonomy":"category","embeddable":true,"href":"https:\/\/blogdoedvaldomagalhaes.com.br\/index.php\/wp-json\/wp\/v2\/categories?post=8129"},{"taxonomy":"post_tag","embeddable":true,"href":"https:\/\/blogdoedvaldomagalhaes.com.br\/index.php\/wp-json\/wp\/v2\/tags?post=8129"}],"curies":[{"name":"wp","href":"https:\/\/api.w.org\/{rel}","templated":true}]}}